{"id":50027,"date":"2026-04-27T20:04:08","date_gmt":"2026-04-27T18:04:08","guid":{"rendered":"https:\/\/floresnavarro.com\/blog\/?p=50027"},"modified":"2026-04-27T20:04:08","modified_gmt":"2026-04-27T18:04:08","slug":"el-regal-perfecte-pel-dia-de-la-mare-existeix-i-esta-a-barcelona%f0%9f%8e%81","status":"publish","type":"post","link":"https:\/\/floresnavarro.com\/blog\/ca\/el-regal-perfecte-pel-dia-de-la-mare-existeix-i-esta-a-barcelona%f0%9f%8e%81\/","title":{"rendered":"El regal perfecte pel Dia de la Mare existeix (i est\u00e0 a Barcelona)\ud83c\udf81"},"content":{"rendered":"<p>El <strong>Dia de la Mare<\/strong> \u00e9s aquell moment de l\u2019any en qu\u00e8 intentem tornar, encara que sigui una mica, tot el que ella ens ha donat.<\/p>\n<p>Perqu\u00e8 s\u00ed, podem dir \u201cgr\u00e0cies\u201d\u2026 per\u00f2 hi ha vegades en qu\u00e8 un detall ho diu molt millor.<\/p>\n<p>I \u00e9s que no es tracta de regalar per regalar. Es tracta d\u2019emocionar. De sorprendre. De fer-la somriure de veritat.<\/p>\n<p>Per aix\u00f2 hem preparat una <strong>col\u00b7lecci\u00f3 especial de regals per al Dia de la Mare a Barcelona<\/strong>, pensada per encertar \u2014sense complicacions.<\/p>\n<p>\ud83d\udc49 Si ja ho tens clar, pots anar directament a <strong><a style=\"text-decoration: underline;\" href=\"https:\/\/floresnavarro.com\/ca\/dia-de-la-mare\">descobrir tota la col\u00b7lecci\u00f3 del Dia de la Mare<\/a> \ud83c\udf81<\/strong><\/p>\n<p>I a m\u00e9s, ho tens f\u00e0cil: pots comprar <strong>online, per tel\u00e8fon o a la botiga f\u00edsica<\/strong>, amb <strong>enviament a domicili o recollida al centre de Barcelona<\/strong>.<\/p>\n<h2>\ud83c\udf81 Idees de regal per al Dia de la Mare<\/h2>\n<div style=\"display: flex; gap: 20px; justify-content: center; flex-wrap: wrap; margin-top: 20px;\">\n<p><!-- PRODUCTO 1 --><\/p>\n<div style=\"flex: 1 1 250px; max-width: 250px; text-align: center;\"><img loading=\"lazy\" decoding=\"async\" class=\"alignnone size-medium wp-image-50016\" src=\"https:\/\/floresnavarro.com\/blog\/wp-content\/uploads\/2026\/04\/IMG_6690-300x300.jpeg\" alt=\"\" width=\"300\" height=\"300\" srcset=\"https:\/\/floresnavarro.com\/blog\/wp-content\/uploads\/2026\/04\/IMG_6690-300x300.jpeg 300w, https:\/\/floresnavarro.com\/blog\/wp-content\/uploads\/2026\/04\/IMG_6690-150x150.jpeg 150w, https:\/\/floresnavarro.com\/blog\/wp-content\/uploads\/2026\/04\/IMG_6690.jpeg 659w\" sizes=\"auto, (max-width: 300px) 100vw, 300px\" \/><br \/>\n<a style=\"display: inline-block; margin-top: 15px; width: 100%; background: #028344; border-radius: 50px; padding: 12px 0; color: #ffffff !important; text-decoration: none; font-weight: 600;\" href=\"https:\/\/floresnavarro.com\/ca\/dia-de-la-mare\/grup-de-plantes-turanika\">Grups de plantes<br \/>\n<\/a><\/div>\n<p><!-- PRODUCTO 2 --><\/p>\n<div style=\"flex: 1 1 250px; max-width: 250px; text-align: center;\"><img loading=\"lazy\" decoding=\"async\" class=\"alignnone size-medium wp-image-50015\" src=\"https:\/\/floresnavarro.com\/blog\/wp-content\/uploads\/2026\/04\/IMG_6692-300x300.jpeg\" alt=\"\" width=\"300\" height=\"300\" srcset=\"https:\/\/floresnavarro.com\/blog\/wp-content\/uploads\/2026\/04\/IMG_6692-300x300.jpeg 300w, https:\/\/floresnavarro.com\/blog\/wp-content\/uploads\/2026\/04\/IMG_6692-150x150.jpeg 150w, https:\/\/floresnavarro.com\/blog\/wp-content\/uploads\/2026\/04\/IMG_6692.jpeg 659w\" sizes=\"auto, (max-width: 300px) 100vw, 300px\" \/><br \/>\n<a style=\"display: inline-block; margin-top: 15px; width: 100%; background: #028344; border-radius: 50px; padding: 12px 0; color: #ffffff !important; text-decoration: none; font-weight: 600;\" href=\"https:\/\/floresnavarro.com\/ca\/flors-de-primavera\/ram-miriam\">Rams de flors<br \/>\n<\/a><\/div>\n<p><!-- PRODUCTO 3 --><\/p>\n<div style=\"flex: 1 1 250px; max-width: 250px; text-align: center;\"><img loading=\"lazy\" decoding=\"async\" class=\"alignnone size-medium wp-image-50017\" src=\"https:\/\/floresnavarro.com\/blog\/wp-content\/uploads\/2026\/04\/IMG_6693-300x300.jpeg\" alt=\"\" width=\"300\" height=\"300\" srcset=\"https:\/\/floresnavarro.com\/blog\/wp-content\/uploads\/2026\/04\/IMG_6693-300x300.jpeg 300w, https:\/\/floresnavarro.com\/blog\/wp-content\/uploads\/2026\/04\/IMG_6693-150x150.jpeg 150w, https:\/\/floresnavarro.com\/blog\/wp-content\/uploads\/2026\/04\/IMG_6693.jpeg 659w\" sizes=\"auto, (max-width: 300px) 100vw, 300px\" \/><br \/>\n<a style=\"display: inline-block; margin-top: 15px; width: 100%; background: #028344; border-radius: 50px; padding: 12px 0; color: #ffffff !important; text-decoration: none; font-weight: 600;\" href=\"https:\/\/floresnavarro.com\/ca\/dia-de-la-mare\/rosa-preservada-elegant\">Detalls elegants<br \/>\n<\/a><\/div>\n<\/div>\n<p><!-- BOT\u00d3N GENERAL --><\/p>\n<div style=\"text-align: center; margin-top: 30px;\"><a style=\"display: inline-block; background: #028344; border-radius: 50px; padding: 14px 40px; color: #ffffff !important; text-decoration: none; font-weight: 600;\" href=\"https:\/\/floresnavarro.com\/ca\/dia-de-la-mare\">VEURE TOTA LA COL\u00b7LECCI\u00d3 DIA DE LA MARE<br \/>\n<\/a><\/div>\n<p>&nbsp;<\/p>\n<h2>\ud83d\udecd\ufe0f Com comprar el teu regal del Dia de la Mare a Barcelona<\/h2>\n<h3>1. Vine a la botiga: emporta-te\u2019l al moment o deixa\u2019l preparat<\/h3>\n<p>Pots passar directament per la nostra botiga al <strong>centre de Barcelona<\/strong> i escollir el teu regal amb tota tranquil\u00b7litat:<\/p>\n<ul>\n<li>Opcions llestes per emportar al moment<\/li>\n<li>Assessorament personalitzat per encertar segur<\/li>\n<li>Detalls preparats per sorprendre<\/li>\n<\/ul>\n<p>I si ho prefereixes, tamb\u00e9 pots:<\/p>\n<ul>\n<li><strong>Deixar la teva comanda encarregada<\/strong> per venir-la a recollir<\/li>\n<li><strong>Organitzar un enviament a domicili<\/strong> quan vulguis<\/li>\n<\/ul>\n<h3>2. Compra online o per tel\u00e8fon: f\u00e0cil i al teu ritme<\/h3>\n<p>Si prefereixes fer-ho amb calma, pots realitzar la teva comanda:<\/p>\n<ul>\n<li>A trav\u00e9s del web (<a href=\"https:\/\/floresnavarro.com\/ca\/\">floresnavarro.com<\/a>)<\/li>\n<li>Per tel\u00e8fon (<a href=\"#\">934 57 40 99<\/a>)<\/li>\n<\/ul>\n<p>I despr\u00e9s decideixes com vols gestionar-ho:<\/p>\n<ul>\n<li><strong>Recollida a botiga<\/strong><br \/>\nEsculls el dia i l\u2019hora\u2026 i ho tindr\u00e0s a punt quan vinguis.<\/li>\n<li><strong>Enviament a domicili a Barcelona<\/strong><br \/>\nPerfecte si vols que arribi directament a casa i sorprendre sense avisar.<\/li>\n<\/ul>\n<h2>\ud83d\udc96 Un detall que es queda<\/h2>\n<p>El Dia de la Mare passa r\u00e0pid. Per\u00f2 hi ha regals que es queden molt m\u00e9s temps.<\/p>\n<p>Un ram, un detall, una sorpresa\u2026 poden semblar petits, per\u00f2 tenen alguna cosa especial: es recorden.<\/p>\n<p>I al final, aix\u00f2 \u00e9s el que importa.<\/p>\n<p>\u2728 Aquest any, fes que ho recordi.<\/p>\n<p><strong><a style=\"text-decoration: underline;\" href=\"https:\/\/floresnavarro.com\/ca\/dia-de-la-mare\">Descobreix tots els regals del Dia de la Mare aqu\u00ed<\/a> \ud83c\udf81<\/strong><\/p>\n","protected":false},"excerpt":{"rendered":"<p>El Dia de la Mare \u00e9s aquell moment de l\u2019any en qu\u00e8 intentem tornar, encara que sigui una mica, tot el que ella ens ha donat. Perqu\u00e8 s\u00ed, podem dir \u201cgr\u00e0cies\u201d\u2026 per\u00f2 hi ha vegades en qu\u00e8 un detall ho diu molt millor. I \u00e9s que no es tracta de regalar per regalar. Es tracta [&hellip;]<\/p>\n","protected":false},"author":4,"featured_media":50026,"comment_status":"open","ping_status":"open","sticky":false,"template":"","format":"standard","meta":{"meta_title":"","meta_description":"","footnotes":""},"categories":[48],"tags":[],"class_list":["post-50027","post","type-post","status-publish","format-standard","has-post-thumbnail","hentry","category-dia-de-la-mare"],"language":"ca","_links":{"self":[{"href":"https:\/\/floresnavarro.com\/blog\/wp-json\/wp\/v2\/posts\/50027","targetHints":{"allow":["GET"]}}],"collection":[{"href":"https:\/\/floresnavarro.com\/blog\/wp-json\/wp\/v2\/posts"}],"about":[{"href":"https:\/\/floresnavarro.com\/blog\/wp-json\/wp\/v2\/types\/post"}],"author":[{"embeddable":true,"href":"https:\/\/floresnavarro.com\/blog\/wp-json\/wp\/v2\/users\/4"}],"replies":[{"embeddable":true,"href":"https:\/\/floresnavarro.com\/blog\/wp-json\/wp\/v2\/comments?post=50027"}],"version-history":[{"count":2,"href":"https:\/\/floresnavarro.com\/blog\/wp-json\/wp\/v2\/posts\/50027\/revisions"}],"predecessor-version":[{"id":50029,"href":"https:\/\/floresnavarro.com\/blog\/wp-json\/wp\/v2\/posts\/50027\/revisions\/50029"}],"wp:featuredmedia":[{"embeddable":true,"href":"https:\/\/floresnavarro.com\/blog\/wp-json\/wp\/v2\/media\/50026"}],"wp:attachment":[{"href":"https:\/\/floresnavarro.com\/blog\/wp-json\/wp\/v2\/media?parent=50027"}],"wp:term":[{"taxonomy":"category","embeddable":true,"href":"https:\/\/floresnavarro.com\/blog\/wp-json\/wp\/v2\/categories?post=50027"},{"taxonomy":"post_tag","embeddable":true,"href":"https:\/\/floresnavarro.com\/blog\/wp-json\/wp\/v2\/tags?post=50027"}],"curies":[{"name":"wp","href":"https:\/\/api.w.org\/{rel}","templated":true}]}}