{"id":50014,"date":"2026-04-27T20:04:15","date_gmt":"2026-04-27T18:04:15","guid":{"rendered":"https:\/\/floresnavarro.com\/blog\/?p=50014"},"modified":"2026-04-27T20:04:15","modified_gmt":"2026-04-27T18:04:15","slug":"el-regalo-perfecto-para-el-dia-de-la-madre-existe-y-esta-en-barcelona-%f0%9f%8e%81","status":"publish","type":"post","link":"https:\/\/floresnavarro.com\/blog\/el-regalo-perfecto-para-el-dia-de-la-madre-existe-y-esta-en-barcelona-%f0%9f%8e%81\/","title":{"rendered":"El regalo perfecto para el D\u00eda de la Madre existe (y est\u00e1 en Barcelona) \ud83c\udf81"},"content":{"rendered":"<p>El <strong>D\u00eda de la Madre<\/strong> es ese momento del a\u00f1o en el que intentamos devolver, aunque sea un poquito, todo lo que ella nos ha dado.<\/p>\n<p>Porque s\u00ed, podemos decir \u201cgracias\u201d\u2026 pero hay veces en las que un detalle lo dice mucho mejor.<\/p>\n<p>Y es que no se trata de regalar por regalar. Se trata de emocionar. De sorprender. De hacerla sonre\u00edr de verdad.<\/p>\n<p>Por eso hemos preparado una <strong>colecci\u00f3n especial de regalos para el D\u00eda de la Madre en Barcelona<\/strong>, pensada para acertar \u2014sin complicarte.<\/p>\n<p>\ud83d\udc49 Si ya lo tienes claro, puedes ir directo a <strong><a style=\"text-decoration: underline;\" href=\"https:\/\/floresnavarro.com\/dia-de-la-madre\">descubrir toda la colecci\u00f3n del D\u00eda de la Madre<\/a> \ud83c\udf81<\/strong><\/p>\n<p>Y adem\u00e1s, lo tienes f\u00e1cil: puedes comprar <strong>online, por tel\u00e9fono o en tienda f\u00edsica<\/strong>, con <strong>env\u00edo a domicilio o recogida en el centro de Barcelona<\/strong>.<\/p>\n<h2>\ud83c\udf81 Ideas de regalo para el D\u00eda de la Madre<\/h2>\n<div style=\"display: flex; gap: 20px; justify-content: center; flex-wrap: wrap; margin-top: 20px;\">\n<p><!-- PRODUCTO 1 --><\/p>\n<div style=\"flex: 1 1 250px; max-width: 250px; text-align: center;\"><img loading=\"lazy\" decoding=\"async\" class=\"alignnone size-medium wp-image-50016\" src=\"https:\/\/floresnavarro.com\/blog\/wp-content\/uploads\/2026\/04\/IMG_6690-300x300.jpeg\" alt=\"\" width=\"300\" height=\"300\" srcset=\"https:\/\/floresnavarro.com\/blog\/wp-content\/uploads\/2026\/04\/IMG_6690-300x300.jpeg 300w, https:\/\/floresnavarro.com\/blog\/wp-content\/uploads\/2026\/04\/IMG_6690-150x150.jpeg 150w, https:\/\/floresnavarro.com\/blog\/wp-content\/uploads\/2026\/04\/IMG_6690.jpeg 659w\" sizes=\"auto, (max-width: 300px) 100vw, 300px\" \/><br \/>\n<a style=\"display: inline-block; margin-top: 15px; width: 100%; background: #028344; border-radius: 50px; padding: 12px 0; color: #ffffff !important; text-decoration: none; font-weight: 600;\" href=\"https:\/\/floresnavarro.com\/dia-de-la-madre\/grupo-de-plantas-turanika\">Grupos de plantas<br \/>\n<\/a><\/div>\n<p><!-- PRODUCTO 2 --><\/p>\n<div style=\"flex: 1 1 250px; max-width: 250px; text-align: center;\"><img loading=\"lazy\" decoding=\"async\" class=\"alignnone size-medium wp-image-50015\" src=\"https:\/\/floresnavarro.com\/blog\/wp-content\/uploads\/2026\/04\/IMG_6692-300x300.jpeg\" alt=\"\" width=\"300\" height=\"300\" srcset=\"https:\/\/floresnavarro.com\/blog\/wp-content\/uploads\/2026\/04\/IMG_6692-300x300.jpeg 300w, https:\/\/floresnavarro.com\/blog\/wp-content\/uploads\/2026\/04\/IMG_6692-150x150.jpeg 150w, https:\/\/floresnavarro.com\/blog\/wp-content\/uploads\/2026\/04\/IMG_6692.jpeg 659w\" sizes=\"auto, (max-width: 300px) 100vw, 300px\" \/><br \/>\n<a style=\"display: inline-block; margin-top: 15px; width: 100%; background: #028344; border-radius: 50px; padding: 12px 0; color: #ffffff !important; text-decoration: none; font-weight: 600;\" href=\"https:\/\/floresnavarro.com\/flores-de-primavera\/ramo-miriam\">Ramos de flores<br \/>\n<\/a><\/div>\n<p><!-- PRODUCTO 3 --><\/p>\n<div style=\"flex: 1 1 250px; max-width: 250px; text-align: center;\"><img loading=\"lazy\" decoding=\"async\" class=\"alignnone size-medium wp-image-50017\" src=\"https:\/\/floresnavarro.com\/blog\/wp-content\/uploads\/2026\/04\/IMG_6693-300x300.jpeg\" alt=\"\" width=\"300\" height=\"300\" srcset=\"https:\/\/floresnavarro.com\/blog\/wp-content\/uploads\/2026\/04\/IMG_6693-300x300.jpeg 300w, https:\/\/floresnavarro.com\/blog\/wp-content\/uploads\/2026\/04\/IMG_6693-150x150.jpeg 150w, https:\/\/floresnavarro.com\/blog\/wp-content\/uploads\/2026\/04\/IMG_6693.jpeg 659w\" sizes=\"auto, (max-width: 300px) 100vw, 300px\" \/><br \/>\n<a style=\"display: inline-block; margin-top: 15px; width: 100%; background: #028344; border-radius: 50px; padding: 12px 0; color: #ffffff !important; text-decoration: none; font-weight: 600;\" href=\"https:\/\/floresnavarro.com\/dia-de-la-madre\/rosa-preservada-elegante\">Detalles elegantes<br \/>\n<\/a><\/div>\n<\/div>\n<p><!-- BOT\u00d3N GENERAL --><\/p>\n<div style=\"text-align: center; margin-top: 30px;\"><a style=\"display: inline-block; background: #028344; border-radius: 50px; padding: 14px 40px; color: #ffffff !important; text-decoration: none; font-weight: 600;\" href=\"https:\/\/floresnavarro.com\/dia-de-la-madre\">VER TODA LA COLECCI\u00d3N D\u00cdA DE LA MADRE<br \/>\n<\/a><\/div>\n<p>&nbsp;<\/p>\n<h2>\ud83d\udecd\ufe0f C\u00f3mo comprar tu regalo del D\u00eda de la Madre en Barcelona<\/h2>\n<h3>1. Ven a tienda: ll\u00e9vatelo al momento o d\u00e9jalo preparado<\/h3>\n<p>Puedes pasar directamente por nuestra tienda en el <strong>centro de Barcelona<\/strong> y elegir tu regalo con total tranquilidad:<\/p>\n<ul>\n<li>Opciones listas para llevar al momento<\/li>\n<li>Asesoramiento personalizado para acertar seguro<\/li>\n<li>Detalles preparados para sorprender<\/li>\n<\/ul>\n<p>Y si lo prefieres, tambi\u00e9n puedes:<\/p>\n<ul>\n<li><strong>Dejar tu pedido encargado<\/strong> para venir a recogerlo<\/li>\n<li><strong>Organizar un env\u00edo a domicilio<\/strong> cuando t\u00fa quieras<\/li>\n<\/ul>\n<h3>2. Compra online o por tel\u00e9fono: f\u00e1cil y a tu ritmo<\/h3>\n<p>Si prefieres hacerlo con calma, puedes realizar tu pedido:<\/p>\n<ul>\n<li>A trav\u00e9s de la web (<a href=\"https:\/\/floresnavarro.com\/\">floresnavarro.com<\/a>)<\/li>\n<li>Por tel\u00e9fono (<a href=\"#\">934 57 40 99<\/a>)<\/li>\n<\/ul>\n<p>Y despu\u00e9s decides c\u00f3mo quieres gestionarlo:<\/p>\n<ul>\n<li><strong>Recogida en tienda<\/strong><br \/>\nEliges el d\u00eda y la hora\u2026 y lo tendr\u00e1s listo cuando vengas.<\/li>\n<li><strong>Env\u00edo a domicilio en Barcelona<\/strong><br \/>\nPerfecto si quieres que llegue directamente a casa y sorprender sin avisar.<\/li>\n<\/ul>\n<h2>\ud83d\udc96 Un detalle que se queda<\/h2>\n<p>El D\u00eda de la Madre pasa r\u00e1pido. Pero hay regalos que se quedan mucho m\u00e1s tiempo.<\/p>\n<p>Un ramo, un detalle, una sorpresa\u2026 pueden parecer peque\u00f1os, pero tienen algo especial: se recuerdan.<\/p>\n<p>Y al final, eso es lo importante.<\/p>\n<p>\u2728 Este a\u00f1o, haz que lo recuerde.<\/p>\n<p><strong><a style=\"text-decoration: underline;\" href=\"https:\/\/floresnavarro.com\/dia-de-la-madre\">Descubre todos los regalos del D\u00eda de la Madre aqu\u00ed<\/a> \ud83c\udf81<\/strong><\/p>\n","protected":false},"excerpt":{"rendered":"<p>El D\u00eda de la Madre es ese momento del a\u00f1o en el que intentamos devolver, aunque sea un poquito, todo lo que ella nos ha dado. Porque s\u00ed, podemos decir \u201cgracias\u201d\u2026 pero hay veces en las que un detalle lo dice mucho mejor. Y es que no se trata de regalar por regalar. Se trata [&hellip;]<\/p>\n","protected":false},"author":4,"featured_media":50026,"comment_status":"open","ping_status":"open","sticky":false,"template":"","format":"standard","meta":{"meta_title":"","meta_description":"","footnotes":""},"categories":[45],"tags":[],"class_list":["post-50014","post","type-post","status-publish","format-standard","has-post-thumbnail","hentry","category-dia-de-la-madre"],"language":"es","_links":{"self":[{"href":"https:\/\/floresnavarro.com\/blog\/wp-json\/wp\/v2\/posts\/50014","targetHints":{"allow":["GET"]}}],"collection":[{"href":"https:\/\/floresnavarro.com\/blog\/wp-json\/wp\/v2\/posts"}],"about":[{"href":"https:\/\/floresnavarro.com\/blog\/wp-json\/wp\/v2\/types\/post"}],"author":[{"embeddable":true,"href":"https:\/\/floresnavarro.com\/blog\/wp-json\/wp\/v2\/users\/4"}],"replies":[{"embeddable":true,"href":"https:\/\/floresnavarro.com\/blog\/wp-json\/wp\/v2\/comments?post=50014"}],"version-history":[{"count":8,"href":"https:\/\/floresnavarro.com\/blog\/wp-json\/wp\/v2\/posts\/50014\/revisions"}],"predecessor-version":[{"id":50025,"href":"https:\/\/floresnavarro.com\/blog\/wp-json\/wp\/v2\/posts\/50014\/revisions\/50025"}],"wp:featuredmedia":[{"embeddable":true,"href":"https:\/\/floresnavarro.com\/blog\/wp-json\/wp\/v2\/media\/50026"}],"wp:attachment":[{"href":"https:\/\/floresnavarro.com\/blog\/wp-json\/wp\/v2\/media?parent=50014"}],"wp:term":[{"taxonomy":"category","embeddable":true,"href":"https:\/\/floresnavarro.com\/blog\/wp-json\/wp\/v2\/categories?post=50014"},{"taxonomy":"post_tag","embeddable":true,"href":"https:\/\/floresnavarro.com\/blog\/wp-json\/wp\/v2\/tags?post=50014"}],"curies":[{"name":"wp","href":"https:\/\/api.w.org\/{rel}","templated":true}]}}