{"id":47468,"date":"2025-11-07T03:26:18","date_gmt":"2025-11-07T02:26:18","guid":{"rendered":"https:\/\/floresnavarro.nearwebs.com\/blog\/por-que-se-regalan-flores-amarillas-el-21-de-septiembre-origen-y-significado\/"},"modified":"2025-11-07T04:14:47","modified_gmt":"2025-11-07T03:14:47","slug":"por-que-se-regalan-flores-amarillas-el-21-de-septiembre-origen-y-significado","status":"publish","type":"post","link":"https:\/\/floresnavarro.com\/blog\/por-que-se-regalan-flores-amarillas-el-21-de-septiembre-origen-y-significado\/","title":{"rendered":"\u00bfPor qu\u00e9 se regalan Flores Amarillas el 21 de septiembre &#8211; Origen y significado"},"content":{"rendered":"<div class=\"prose text-pretty dark:prose-invert inline leading-relaxed break-words min-w-0 [word-break:break-word] prose-strong:font-medium\">\n<p id=\"por-qu-se-regalan-flores-amarillas-el-21-de-septie\">\u00bfTe has preguntado alguna vez por qu\u00e9, de repente, las redes se llenan de ramos amarillos cada 21 de septiembre? La verdad es que es una tradici\u00f3n que trae un soplo de alegr\u00eda y esperanza, como si un rayo de sol irrumpiera en un d\u00eda nublado, marcando el inicio de la primavera en el hemisferio sur. Y es que, inspirada en una telenovela ic\u00f3nica y en valores universales como la paz, esta costumbre se ha viralizado por todo el mundo, llegando incluso a rincones como Barcelona. Si est\u00e1s buscando entender su magia y quiz\u00e1s preparar un regalo especial, sigue leyendo: te contamos todo sobre su origen, significado y c\u00f3mo celebrarlo con flores frescas de Flores Navarro.<\/p>\n<h2 class=\"mb-2 mt-4 font-display font-semimedium text-base first:mt-0 md:text-lg [hr+&amp;]:mt-4\" id=\"el-origen-de-esta-tradicin-viral\"><strong>El Origen de Esta Tradici\u00f3n Viral<\/strong><\/h2>\n<p class=\"my-2 [&amp;+p]:mt-4 [&amp;_strong:has(+br)]:inline-block [&amp;_strong:has(+br)]:pb-2\">Esta costumbre no surgi\u00f3 de la nada; tiene ra\u00edces en la cultura pop y en celebraciones globales que se entretejen de forma encantadora. Adem\u00e1s, su popularidad ha explotado gracias a las redes sociales, convirti\u00e9ndola en un ritual anual que une a personas de diferentes pa\u00edses.<\/p>\n<h2 class=\"mb-2 mt-4 font-display font-semimedium text-base first:mt-0\"><strong>De la Telenovela Floricienta a una Costumbre Global<\/strong><\/h2>\n<p class=\"my-2 [&amp;+p]:mt-4 [&amp;_strong:has(+br)]:inline-block [&amp;_strong:has(+br)]:pb-2\">Todo empez\u00f3 en 2004 con la serie argentina <em>Floricienta<\/em>, que conquist\u00f3 corazones en Latinoam\u00e9rica, desde M\u00e9xico hasta Per\u00fa. En la trama, la protagonista, Flor, sue\u00f1a con que su amor le regale flores amarillas justo el 21 de septiembre, coincidiendo con la llegada de la primavera. La canci\u00f3n \u00abFlores Amarillas\u00bb lo captura perfectamente: \u00abElla sab\u00eda que \u00e9l sab\u00eda \/ Que alg\u00fan d\u00eda suceder\u00eda \/ Que vendr\u00eda a buscarla \/ Con sus flores amarillas\u00bb. Esas l\u00edneas, llenas de promesas de amor eterno, se volvieron virales en TikTok y otras plataformas, transformando una escena rom\u00e1ntica en una tradici\u00f3n real. Imagina: lo que comenz\u00f3 como un momento televisivo ahora inspira a miles a regalar ramos amarillos para expresar deseos de un futuro juntos.<\/p>\n<h2 class=\"mb-2 mt-4 font-display font-semimedium text-base first:mt-0\"><strong>Conexi\u00f3n con el D\u00eda Internacional de la Paz<\/strong><\/h2>\n<p class=\"my-2 [&amp;+p]:mt-4 [&amp;_strong:has(+br)]:inline-block [&amp;_strong:has(+br)]:pb-2\">Y es que el 21 de septiembre no es solo primavera; tambi\u00e9n es el D\u00eda Internacional de la Paz, declarado por la ONU. Esta coincidencia a\u00f1ade un toque profundo, promoviendo valores como la esperanza y la amistad. Por ejemplo, en pa\u00edses como Argentina, donde la tradici\u00f3n es m\u00e1s fuerte, se ha extendido a gestos de cari\u00f1o entre amigos o familiares, no solo parejas. La viralidad digital ha hecho que cruce fronteras, llegando a Europa, donde se celebra como un recordatorio optimista de renovaci\u00f3n y unidad.<\/p>\n<h2 class=\"mb-2 mt-4 font-display font-semimedium text-base first:mt-0 md:text-lg [hr+&amp;]:mt-4\" id=\"el-significado-profundo-del-color-amarillo-en-las\"><strong>El Significado Profundo del Color Amarillo en las Flores<\/strong><\/h2>\n<p class=\"my-2 [&amp;+p]:mt-4 [&amp;_strong:has(+br)]:inline-block [&amp;_strong:has(+br)]:pb-2\">El amarillo no es un color cualquiera; lleva una carga emocional que lo hace perfecto para esta fecha. Piensa en \u00e9l como el abrazo c\u00e1lido del sol despu\u00e9s de un invierno largo, trayendo luz y vitalidad a quien lo recibe.<\/p>\n<h2 class=\"mb-2 mt-4 font-display font-semimedium text-base first:mt-0\"><strong>S\u00edmbolos de Felicidad, Energ\u00eda y Renovaci\u00f3n<\/strong><\/h2>\n<p class=\"my-2 [&amp;+p]:mt-4 [&amp;_strong:has(+br)]:inline-block [&amp;_strong:has(+br)]:pb-2\">El amarillo representa la luz solar, la felicidad y esa energ\u00eda contagiosa que eleva el \u00e1nimo. Regalar flores de este tono es como dar la bienvenida a un nuevo ciclo, despidiendo el invierno con optimismo en lugar de nostalgia. Adem\u00e1s, en culturas diversas, simboliza prosperidad y buenos deseos. Por instancia, en la literatura, como en <em>Cien a\u00f1os de soledad<\/em> de Gabriel Garc\u00eda M\u00e1rquez, el amarillo evoca sentimientos profundos de amor y melancol\u00eda, a\u00f1adiendo un matiz sentimental a la tradici\u00f3n.<\/p>\n<h2 class=\"mb-2 mt-4 font-display font-semimedium text-base first:mt-0\"><strong>En Contextos Rom\u00e1nticos, de Amistad y Familiares<\/strong><\/h2>\n<p class=\"my-2 [&amp;+p]:mt-4 [&amp;_strong:has(+br)]:inline-block [&amp;_strong:has(+br)]:pb-2\">La verdad es que va m\u00e1s all\u00e1 del romance: un ramo amarillo puede ser una forma sutil de decir \u00abestoy aqu\u00ed para ti\u00bb a un amigo que necesita \u00e1nimo, o de prometer calidez eterna a una pareja. En familia, transmite renovaci\u00f3n y positividad, como un gesto que ilumina el hogar. Es vers\u00e1til, emotivo y siempre eleva el esp\u00edritu, haciendo que el 21 de septiembre sea un d\u00eda para crear recuerdos duraderos.<\/p>\n<h2 class=\"mb-2 mt-4 font-display font-semimedium text-base first:mt-0 md:text-lg [hr+&amp;]:mt-4\" id=\"qu-flores-amarillas-elegir-para-el-21-de-septiembr\"><strong>\u00bfQu\u00e9 Flores Amarillas Elegir para el 21 de Septiembre?<\/strong><\/h2>\n<p class=\"my-2 [&amp;+p]:mt-4 [&amp;_strong:has(+br)]:inline-block [&amp;_strong:has(+br)]:pb-2\">Elegir el ramo perfecto es parte de la diversi\u00f3n; no se trata solo de color, sino de lo que cada flor transmite. Aqu\u00ed van algunas opciones que brillan por su frescura y encanto, ideales para un gesto inolvidable.<\/p>\n<h2 class=\"mb-2 mt-4 font-display font-semimedium text-base first:mt-0\"><strong>Opciones Populares y Sus Encantos<\/strong><\/h2>\n<ul class=\"marker:text-quiet list-disc\">\n<li class=\"py-0 my-0 prose-p:pt-0 prose-p:mb-2 prose-p:my-0 [&amp;&gt;p]:pt-0 [&amp;&gt;p]:mb-2 [&amp;&gt;p]:my-0\">\n<p class=\"my-2 [&amp;+p]:mt-4 [&amp;_strong:has(+br)]:inline-block [&amp;_strong:has(+br)]:pb-2\"><strong>Rosas amarillas<\/strong>: Simbolizan amistad eterna y alegr\u00eda, perfectas para un gesto rom\u00e1ntico o plat\u00f3nico.<\/p>\n<\/li>\n<li class=\"py-0 my-0 prose-p:pt-0 prose-p:mb-2 prose-p:my-0 [&amp;&gt;p]:pt-0 [&amp;&gt;p]:mb-2 [&amp;&gt;p]:my-0\">\n<p class=\"my-2 [&amp;+p]:mt-4 [&amp;_strong:has(+br)]:inline-block [&amp;_strong:has(+br)]:pb-2\"><strong>Girasoles<\/strong>: Radiantes y llenos de vitalidad, como un sol en miniatura que trae energ\u00eda positiva.<\/p>\n<\/li>\n<li class=\"py-0 my-0 prose-p:pt-0 prose-p:mb-2 prose-p:my-0 [&amp;&gt;p]:pt-0 [&amp;&gt;p]:mb-2 [&amp;&gt;p]:my-0\">\n<p class=\"my-2 [&amp;+p]:mt-4 [&amp;_strong:has(+br)]:inline-block [&amp;_strong:has(+br)]:pb-2\"><strong>Tulipanes amarillos<\/strong>: Elegantes y sutiles, ideales para un toque de sofisticaci\u00f3n en la renovaci\u00f3n primaveral.<\/p>\n<\/li>\n<li class=\"py-0 my-0 prose-p:pt-0 prose-p:mb-2 prose-p:my-0 [&amp;&gt;p]:pt-0 [&amp;&gt;p]:mb-2 [&amp;&gt;p]:my-0\">\n<p class=\"my-2 [&amp;+p]:mt-4 [&amp;_strong:has(+br)]:inline-block [&amp;_strong:has(+br)]:pb-2\"><strong>Margaritas amarillas<\/strong>: Simples y frescas, evocan inocencia y calidez, geniales para arreglos casuales.<\/p>\n<\/li>\n<\/ul>\n<p class=\"my-2 [&amp;+p]:mt-4 [&amp;_strong:has(+br)]:inline-block [&amp;_strong:has(+br)]:pb-2\">Puedes optar por ramos mixtos o sencillos; lo importante es que reflejen tu intenci\u00f3n, ya sea un detalle peque\u00f1o o un gesto grandioso.<\/p>\n<h2 class=\"mb-2 mt-4 font-display font-semimedium text-base first:mt-0\"><strong>C\u00f3mo Regalarlas en Barcelona con Flores Navarro<\/strong><\/h2>\n<p class=\"my-2 [&amp;+p]:mt-4 [&amp;_strong:has(+br)]:inline-block [&amp;_strong:has(+br)]:pb-2\">Si est\u00e1s en Barcelona, no hay mejor lugar que Flores Navarro para encontrar estas bellezas frescas y listas para enviar. Ofrecemos arreglos personalizados con entrega a domicilio gratuita en la ciudad, asegurando que tu regalo llegue impecable. Imagina sorprender a alguien con un ramo que capture la esencia de la primavera, directo desde nuestra florister\u00eda f\u00edsica en C\/ Val\u00e8ncia, 320.<\/p>\n<div class=\"blog-product-editor\" data-product-type=\"one-product\">\n<div class=\"col-12 product-card\" data-id=\"100217\" data-random=\"WJl66nzUvQ\" data-image-number=\"1\" data-auto-text=\"true\">\n<div class=\"product-media\"><button class=\"product-wish wish\" onclick=\"ProductoFavoritoRelated(this);\" data-id=\"100217\" tabindex=\"0\"><br \/>\n <em class=\"far fa-heart\"><\/em><\/button><a class=\"product-image\" href=\"\/flores\/minijarron-silvestre-tonos-amarillo\" tabindex=\"0\"><br \/>\n <img decoding=\"async\" class=\"col-12\" src=\"https:\/\/floresnavarro.nearwebs.com\/blog\/wp-content\/uploads\/2025\/11\/minijarron-silvetsre-tonos-amarillo-1-1.webp\" alt=\"product\" fetchpriority=\"high\"><\/a>\n <\/div>\n<div class=\"product-content\"><input id=\"product_measure_100217\" type=\"hidden\" value=\"0\" tabindex=\"0\"><input type=\"hidden\" value=\"0\" id=\"div-qte-active\" tabindex=\"0\"><input type=\"hidden\" value=\"1\" id=\"div-format-active\" tabindex=\"0\"><\/p>\n<div class=\"product-card-button\" id=\"div-add-100217\"><button class=\"shop-widget-btn btn-carrito-add\" tabindex=\"0\" onclick=\"AddProductWithQteAndFormat(100217, 1);\"><br \/>\n <span>Minijarr\u00f3n silvestre tonos amarillo<\/span><br \/>\n <\/button><\/div>\n<p><span class=\"product-blog-admin\" data-id=\"100217\"><\/span><\/div>\n<\/div>\n<\/div>\n<div class=\"blog-product-editor\" data-product-type=\"one-product\">\n<div class=\"col-12 product-card\" data-id=\"39\" data-random=\"Q2e4nbt0L0\" data-image-number=\"1\" data-auto-text=\"true\">\n<div class=\"product-media\"><button class=\"product-wish wish\" onclick=\"ProductoFavoritoRelated(this);\" data-id=\"39\" tabindex=\"0\"><br \/>\n <em class=\"far fa-heart\"><\/em><\/button><a class=\"product-image\" href=\"\/flores\/cesta-de-rosas\" tabindex=\"0\"><br \/>\n <img decoding=\"async\" class=\"col-12\" src=\"https:\/\/floresnavarro.nearwebs.com\/blog\/wp-content\/uploads\/2025\/11\/cesta-de-rosas-3134-8-1.webp\" alt=\"product\" loading=\"lazy\"><\/a>\n <\/div>\n<div class=\"product-content\"><input id=\"product_measure_39\" type=\"hidden\" value=\"0\" tabindex=\"0\"><input type=\"hidden\" value=\"0\" id=\"div-qte-active\" tabindex=\"0\"><input type=\"hidden\" value=\"1\" id=\"div-format-active\" tabindex=\"0\"><\/p>\n<div class=\"product-card-button\" id=\"div-add-39\"><button class=\"shop-widget-btn btn-carrito-add\" tabindex=\"0\" onclick=\"AddProductWithQteAndFormat(39, 1);\"><br \/>\n <span>Cesta de rosas<\/span><br \/>\n <\/button><\/div>\n<p><span class=\"product-blog-admin\" data-id=\"39\"><\/span><\/div>\n<\/div>\n<\/div>\n<div class=\"blog-product-editor\" data-product-type=\"one-product\">\n<div class=\"col-12 product-card\" data-id=\"1502\" data-random=\"d2xba7CUGb\" data-image-number=\"1\" data-auto-text=\"true\">\n<div class=\"product-media\"><button class=\"product-wish wish\" onclick=\"ProductoFavoritoRelated(this);\" data-id=\"1502\" tabindex=\"0\"><br \/>\n <em class=\"far fa-heart\"><\/em><\/button><a class=\"product-image\" href=\"\/flores\/ramo-de-rosas\" tabindex=\"0\"><br \/>\n <img decoding=\"async\" class=\"col-12\" src=\"https:\/\/floresnavarro.nearwebs.com\/blog\/wp-content\/uploads\/2025\/11\/ramo-de-rosas-14_ZSH3ut-1.webp\" alt=\"product\" loading=\"lazy\"><\/a>\n <\/div>\n<div class=\"product-content\"><input id=\"product_measure_1502\" type=\"hidden\" value=\"0\" tabindex=\"0\"><input type=\"hidden\" value=\"0\" id=\"div-qte-active\" tabindex=\"0\"><input type=\"hidden\" value=\"1\" id=\"div-format-active\" tabindex=\"0\"><\/p>\n<div class=\"product-card-button\" id=\"div-add-1502\"><button class=\"shop-widget-btn btn-carrito-add\" tabindex=\"0\" onclick=\"AddProductWithQteAndFormat(1502, 1);\"><br \/>\n <span>Ramo de rosas<\/span><br \/>\n <\/button><\/div>\n<p><span class=\"product-blog-admin\" data-id=\"1502\"><\/span><\/div>\n<\/div>\n<\/div>\n<p class=\"my-2 [&amp;+p]:mt-4 [&amp;_strong:has(+br)]:inline-block [&amp;_strong:has(+br)]:pb-2\">\n<p class=\"my-2 [&amp;+p]:mt-4 [&amp;_strong:has(+br)]:inline-block [&amp;_strong:has(+br)]:pb-2\">En resumen, regalar flores amarillas el 21 de septiembre es mucho m\u00e1s que una moda: es una celebraci\u00f3n de amor, paz y nuevos comienzos, nacida de una telenovela y elevada por su simbolismo universal. La verdad es que un simple ramo puede transformar un d\u00eda ordinario en algo m\u00e1gico, creando lazos que perduran. As\u00ed que, \u00bfpor qu\u00e9 no unirte a esta tradici\u00f3n? Visita Flores Navarro en Barcelona o haz tu pedido online para iluminar la vida de alguien especial este 21 de septiembre. \u00a1Haz que sea un momento inolvidable!<\/p>\n<h2 class=\"mb-2 mt-4 font-display font-semimedium text-base first:mt-0\"><strong>Preguntas Frecuentes (FAQs)<\/strong><\/h2>\n<p class=\"my-2 [&amp;+p]:mt-4 [&amp;_strong:has(+br)]:inline-block [&amp;_strong:has(+br)]:pb-2\"><strong>\u00bfPor qu\u00e9 se regalan flores amarillas espec\u00edficamente el 21 de septiembre?<\/strong><br \/>Porque marca el inicio de la primavera en el hemisferio sur y coincide con el D\u00eda de la Paz, inspirado en la telenovela <em>Floricienta<\/em>, donde simboliza promesas de amor y renovaci\u00f3n.<\/p>\n<p class=\"my-2 [&amp;+p]:mt-4 [&amp;_strong:has(+br)]:inline-block [&amp;_strong:has(+br)]:pb-2\"><strong>\u00bfCu\u00e1l es el origen de la tradici\u00f3n de flores amarillas en septiembre?<\/strong><br \/>Surge de la serie argentina <em>Floricienta<\/em> de 2004, con su canci\u00f3n ic\u00f3nica, y se viraliz\u00f3 en redes como TikTok, extendi\u00e9ndose por Latinoam\u00e9rica y m\u00e1s all\u00e1.<\/p>\n<p class=\"my-2 [&amp;+p]:mt-4 [&amp;_strong:has(+br)]:inline-block [&amp;_strong:has(+br)]:pb-2\"><strong>\u00bfQu\u00e9 significa regalar flores amarillas?<\/strong><br \/>Transmite felicidad, energ\u00eda, optimismo y prosperidad; es un gesto de calidez en contextos rom\u00e1nticos, de amistad o familiares, como un rayo de sol en la vida de alguien.<\/p>\n<p class=\"my-2 [&amp;+p]:mt-4 [&amp;_strong:has(+br)]:inline-block [&amp;_strong:has(+br)]:pb-2\"><strong>\u00bfCu\u00e1les son las mejores flores amarillas para regalar el 21 de septiembre?<\/strong><br \/>Opciones como rosas, girasoles, tulipanes o margaritas amarillas son ideales por su simbolismo de alegr\u00eda y vitalidad, perfectas para ramos simples o elaborados.<\/p>\n<p class=\"my-2 [&amp;+p]:mt-4 [&amp;_strong:has(+br)]:inline-block [&amp;_strong:has(+br)]:pb-2\"><strong>\u00bfD\u00f3nde comprar flores amarillas en Barcelona para esta fecha?<\/strong><br \/>En Flores Navarro, con tiendas f\u00edsicas y online, ofrecemos flores frescas con env\u00edo a domicilio para que celebres esta tradici\u00f3n con calidad y estilo.<\/p>\n<\/div>\n","protected":false},"excerpt":{"rendered":"<p>\u00bfTe has preguntado alguna vez por qu\u00e9, de repente, las redes se llenan de ramos amarillos cada 21 de septiembre? La verdad es que es una tradici\u00f3n que trae un soplo de alegr\u00eda y esperanza, como si un rayo de sol irrumpiera en un d\u00eda nublado, marcando el inicio de la primavera en el hemisferio [&hellip;]<\/p>\n","protected":false},"author":3,"featured_media":47465,"comment_status":"open","ping_status":"open","sticky":false,"template":"","format":"standard","meta":{"meta_title":"","meta_description":"","footnotes":""},"categories":[1],"tags":[],"class_list":["post-47468","post","type-post","status-publish","format-standard","has-post-thumbnail","hentry","category-sin-categoria"],"language":"es","_links":{"self":[{"href":"https:\/\/floresnavarro.com\/blog\/wp-json\/wp\/v2\/posts\/47468","targetHints":{"allow":["GET"]}}],"collection":[{"href":"https:\/\/floresnavarro.com\/blog\/wp-json\/wp\/v2\/posts"}],"about":[{"href":"https:\/\/floresnavarro.com\/blog\/wp-json\/wp\/v2\/types\/post"}],"author":[{"embeddable":true,"href":"https:\/\/floresnavarro.com\/blog\/wp-json\/wp\/v2\/users\/3"}],"replies":[{"embeddable":true,"href":"https:\/\/floresnavarro.com\/blog\/wp-json\/wp\/v2\/comments?post=47468"}],"version-history":[{"count":1,"href":"https:\/\/floresnavarro.com\/blog\/wp-json\/wp\/v2\/posts\/47468\/revisions"}],"predecessor-version":[{"id":49154,"href":"https:\/\/floresnavarro.com\/blog\/wp-json\/wp\/v2\/posts\/47468\/revisions\/49154"}],"wp:featuredmedia":[{"embeddable":true,"href":"https:\/\/floresnavarro.com\/blog\/wp-json\/wp\/v2\/media\/47465"}],"wp:attachment":[{"href":"https:\/\/floresnavarro.com\/blog\/wp-json\/wp\/v2\/media?parent=47468"}],"wp:term":[{"taxonomy":"category","embeddable":true,"href":"https:\/\/floresnavarro.com\/blog\/wp-json\/wp\/v2\/categories?post=47468"},{"taxonomy":"post_tag","embeddable":true,"href":"https:\/\/floresnavarro.com\/blog\/wp-json\/wp\/v2\/tags?post=47468"}],"curies":[{"name":"wp","href":"https:\/\/api.w.org\/{rel}","templated":true}]}}