{"id":47308,"date":"2025-11-07T03:19:32","date_gmt":"2025-11-07T02:19:32","guid":{"rendered":"https:\/\/floresnavarro.nearwebs.com\/blog\/entre-flores-desde-la-cuna-la-historia-detras-de-este-blog\/"},"modified":"2025-11-07T03:19:32","modified_gmt":"2025-11-07T02:19:32","slug":"entre-flores-desde-la-cuna-la-historia-detras-de-este-blog","status":"publish","type":"post","link":"https:\/\/floresnavarro.com\/blog\/entre-flores-desde-la-cuna-la-historia-detras-de-este-blog\/","title":{"rendered":"Entre flores desde la cuna: la historia detr\u00e1s de este blog"},"content":{"rendered":"<p><img decoding=\"async\" src=\"https:\/\/floresnavarro.nearwebs.com\/blog\/wp-content\/uploads\/2025\/11\/parada20antigua.jpg\" alt=\"\" width=\"433\" height=\"433\" fetchpriority=\"high\"><\/p>\n<p><span style=\"font-family:'Lucida Console', Monaco, monospace;color:#006600;\">Si cierro los ojos y pienso en mi infancia, siempre hay flores de por medio. Crec\u00ed en una florister\u00eda, entre ramos, cintas de colores y el ir y venir de clientes. Pero no en la que tenemos ahora, sino en una tienda peque\u00f1ita donde trabajaba toda mi familia y una docena de empleados, algunos de los cuales siguen con nosotros, y otros ya se han jubilado (aunque, si les dejas, todav\u00eda intentan echar una mano de vez en cuando).<\/span><\/p>\n<p><span style=\"font-family:'Lucida Console', Monaco, monospace;color:#006600;\">Para ellos, sigo siendo esa ni\u00f1a que correteaba entre cubos de agua y papeles de celof\u00e1n. Cada vez que llega mi cumplea\u00f1os, me sueltan el cl\u00e1sico \u00abqu\u00e9 mayor eres ya\u00bb, seguido de alguna historia sobre c\u00f3mo alguno me daba el biber\u00f3n en la trastienda o c\u00f3mo otro ven\u00eda a recogerme al colegio porque mis padres no pod\u00edan salir a por m\u00ed de tanto trabajo que hab\u00eda. Era un entorno familiar en todos los sentidos.<\/span><\/p>\n<p><span style=\"font-family:'Lucida Console', Monaco, monospace;color:#006600;\">Con esos recuerdos y con esa historia, no pod\u00eda haber acabado en otro sitio que no fuera aqu\u00ed. Ahora sigo en la florister\u00eda, pero esta vez al frente de ella. No por obligaci\u00f3n, sino por devoci\u00f3n a mi padre, la mejor persona del mundo y un trabajador nato. Se lo debo todo, y si hoy amo este trabajo, es porque lo he aprendido vi\u00e9ndolo a \u00e9l.<\/span><\/p>\n<p><span style=\"font-family:'Lucida Console', Monaco, monospace;color:#9900cc;\"><\/span><\/p>\n<p><span style=\"font-family:'Lucida Console', Monaco, monospace;color:#9900cc;\"><strong><img decoding=\"async\" src=\"https:\/\/floresnavarro.nearwebs.com\/blog\/wp-content\/uploads\/2025\/11\/Frame201.jpg\" alt=\"\" width=\"895\" height=\"297\" style=\"\" loading=\"lazy\"><\/strong><\/span><\/p>\n<p><span style=\"font-family:'Lucida Console', Monaco, monospace;color:#9900cc;\"><strong>\u00a0<\/strong><\/span><\/p>\n<p><span style=\"font-family:'Lucida Console', Monaco, monospace;color:#006600;\"><strong>\u00bfY por qu<\/strong><strong>\u00e9 este blog?<\/strong><\/span><\/p>\n<p><span style=\"font-family:'Lucida Console', Monaco, monospace;color:#006600;\">Porque despu\u00e9s de tantos a\u00f1os rodeada de flores, de clientes que vienen y van, de historias entra\u00f1ables y momentos ca\u00f3ticos, ten\u00eda que contarlo en alg\u00fan sitio. Este blog no va de vender flores ni de hacer publicidad. Va de compartir an\u00e9cdotas, esas cosas que pasan en el d\u00eda a d\u00eda y que, si no las escribo, se perder\u00e1n como p\u00e9talos en el viento (vale, me ha quedado muy po\u00e9tico, pero es verdad).<\/span><\/p>\n<p><span style=\"font-family:'Lucida Console', Monaco, monospace;color:#006600;\">Aqu\u00ed encontrar\u00e9is, quinzenalmente, relatos divertidos, historias curiosas de la florister\u00eda y consejos caseros sobre flores, todo con un tono cercano, sin formalidades ni tecnicismos. Porque las flores son parte de la vida cotidiana, no un lujo reservado para ocasiones especiales.<\/span><\/p>\n<p><span style=\"font-family:'Lucida Console', Monaco, monospace;color:#006600;\">As\u00ed que, si os apetece acompa\u00f1arme en este viaje entre flores y recuerdos, bienvenidos. Esto acaba de empezar<\/span><span style=\"color:#006600;\">. \ud83c\udf38\ud83d\ude0a<\/span><\/p>\n<p><span style=\"color:#006600;\">\u00a0<\/span><\/p>\n<p><span style=\"color:#006600;\"><strong>Si ten\u00e9is alguna<\/strong><\/span><span style=\"color:#006600;\"><strong><\/strong><\/span><span style=\"color:#9900cc;\"><strong><span style=\"color:#006600;\">pregunta, curiosidad o quer\u00e9is que\u00a0 os cuente algo en concreto pod\u00e9is escribirme a <em><a href=\"mailto:sylvia.navarro@flores-navarro.com\">mi mail<\/a><\/em> y os ir\u00e9 contestando <\/span><\/strong><\/span><span style=\"color:#006600;\">\ud83d\ude0a<\/span><\/p>\n","protected":false},"excerpt":{"rendered":"<p>Si cierro los ojos y pienso en mi infancia, siempre hay flores de por medio. Crec\u00ed en una florister\u00eda, entre ramos, cintas de colores y el ir y venir de clientes. Pero no en la que tenemos ahora, sino en una tienda peque\u00f1ita donde trabajaba toda mi familia y una docena de empleados, algunos de [&hellip;]<\/p>\n","protected":false},"author":3,"featured_media":47306,"comment_status":"open","ping_status":"open","sticky":false,"template":"","format":"standard","meta":{"meta_title":"","meta_description":"","footnotes":""},"categories":[1],"tags":[],"class_list":["post-47308","post","type-post","status-publish","format-standard","has-post-thumbnail","hentry","category-sin-categoria"],"language":"es","_links":{"self":[{"href":"https:\/\/floresnavarro.com\/blog\/wp-json\/wp\/v2\/posts\/47308","targetHints":{"allow":["GET"]}}],"collection":[{"href":"https:\/\/floresnavarro.com\/blog\/wp-json\/wp\/v2\/posts"}],"about":[{"href":"https:\/\/floresnavarro.com\/blog\/wp-json\/wp\/v2\/types\/post"}],"author":[{"embeddable":true,"href":"https:\/\/floresnavarro.com\/blog\/wp-json\/wp\/v2\/users\/3"}],"replies":[{"embeddable":true,"href":"https:\/\/floresnavarro.com\/blog\/wp-json\/wp\/v2\/comments?post=47308"}],"version-history":[{"count":0,"href":"https:\/\/floresnavarro.com\/blog\/wp-json\/wp\/v2\/posts\/47308\/revisions"}],"wp:featuredmedia":[{"embeddable":true,"href":"https:\/\/floresnavarro.com\/blog\/wp-json\/wp\/v2\/media\/47306"}],"wp:attachment":[{"href":"https:\/\/floresnavarro.com\/blog\/wp-json\/wp\/v2\/media?parent=47308"}],"wp:term":[{"taxonomy":"category","embeddable":true,"href":"https:\/\/floresnavarro.com\/blog\/wp-json\/wp\/v2\/categories?post=47308"},{"taxonomy":"post_tag","embeddable":true,"href":"https:\/\/floresnavarro.com\/blog\/wp-json\/wp\/v2\/tags?post=47308"}],"curies":[{"name":"wp","href":"https:\/\/api.w.org\/{rel}","templated":true}]}}