{"id":47244,"date":"2025-11-07T03:18:20","date_gmt":"2025-11-07T02:18:20","guid":{"rendered":"https:\/\/floresnavarro.nearwebs.com\/blog\/talleres-florales-en-barcelona\/"},"modified":"2026-03-16T19:03:17","modified_gmt":"2026-03-16T18:03:17","slug":"talleres-florales-en-barcelona","status":"publish","type":"post","link":"https:\/\/floresnavarro.com\/blog\/talleres-florales-en-barcelona\/","title":{"rendered":"Talleres Florales en Barcelona 2026: Agenda Completa para Inspirarte"},"content":{"rendered":"<p>Por segundo a\u00f1o consecutivo, nuestros talleres florales son todo un \u00e9xito, y por eso hemos preparado una <strong>nueva agenda de talleres para 2026<\/strong>, pensada para seguir inspirando tu creatividad.<br \/>\nEste a\u00f1o podr\u00e1s encontrar <strong>talleres de plantas<\/strong> y <strong>talleres de flores<\/strong> en distintos niveles \u2014<strong>b\u00e1sico e intermedio<\/strong>\u2014, ideales tanto para quienes se inician como para quienes desean perfeccionar su t\u00e9cnica.<\/p>\n<p>Cada taller es una experiencia \u00fanica. Si est\u00e1s buscando un momento <strong>creativo y relajante en el coraz\u00f3n de Barcelona<\/strong>, nuestros talleres son la opci\u00f3n perfecta.<br \/>\nAprende a <strong>dise\u00f1ar arreglos florales y composiciones vegetales<\/strong> mientras disfrutas de un <strong>ambiente acogedor, natural y lleno de inspiraci\u00f3n<\/strong>.<\/p>\n<h2>1. Bloom session #2<\/h2>\n<p>Empieza el a\u00f1o con creatividad en esta sesi\u00f3n juvenil llena de color y diversi\u00f3n. Crearemos un ramo con flores de temporada invernal, perfecto para alegrar los d\u00edas fr\u00edos junto a amigos.<\/p>\n<ul>\n<li><a href=\"https:\/\/floresnavarro.com\/talleres\/taller-bloom-sessions-1?_gl=1*y45j18*_ga*NzMzNTUwMjEzLjE3NjU4ODEyMzc.*_up*MQ..*_ga_RE3W6TNB5Q*czE3NjU4ODEyMzYkbzEkZzEkdDE3NjU4ODE1NDkkajYwJGwwJGgw\">Viernes, 23 de Enero &#8211; 17:00h<\/a><\/li>\n<\/ul>\n<h2>2. Taller de ramo seco<\/h2>\n<p>Aprende a crear un ramo duradero con flores y elementos secos, ideal para decorar tu hogar durante el invierno. Una propuesta c\u00e1lida y natural que nunca pasa de moda.<\/p>\n<ul>\n<li><a href=\"https:\/\/floresnavarro.com\/talleres\/taller-ramo-preservado?_gl=1*1lvcv45*_ga*NzMzNTUwMjEzLjE3NjU4ODEyMzc.*_up*MQ..*_ga_RE3W6TNB5Q*czE3NjU4ODEyMzYkbzEkZzEkdDE3NjU4ODE1NDkkajYwJGwwJGgw\">S\u00e1bado, 24 de Enero &#8211; 10h<\/a><\/li>\n<\/ul>\n<h2>3. Taller de cicl\u00e1menes<\/h2>\n<p>Descubre los secretos del ciclamen, la flor que desaf\u00eda el fr\u00edo. Aprende a cuidarla y crear composiciones coloridas que llenen de vida tu espacio.<\/p>\n<ul>\n<li><a href=\"https:\/\/floresnavarro.com\/talleres\/taller-ciclamenes-y-mezcla-de-tierras?_gl=1*1lvcv45*_ga*NzMzNTUwMjEzLjE3NjU4ODEyMzc.*_up*MQ..*_ga_RE3W6TNB5Q*czE3NjU4ODEyMzYkbzEkZzEkdDE3NjU4ODE1NDkkajYwJGwwJGgw\">S\u00e1bado, 7 de Febrero &#8211; 10h<\/a><\/li>\n<\/ul>\n<h2>4. Taller Corona de Mimosa<\/h2>\n<p>El toque floral perfecto para iluminar el final del invierno. Confecciona una corona de mimosa fresca, s\u00edmbolo de alegr\u00eda y preludio de la primavera.<\/p>\n<ul>\n<li><a href=\"https:\/\/floresnavarro.com\/talleres\/taller-corona-de-mimosa-1?_gl=1*jgyre3*_ga*NzMzNTUwMjEzLjE3NjU4ODEyMzc.*_up*MQ..*_ga_RE3W6TNB5Q*czE3NjU4ODEyMzYkbzEkZzEkdDE3NjU4ODE1NDkkajYwJGwwJGgw\">Viernes, 20 de Febrero &#8211; 17:00h<\/a><\/li>\n<li><a href=\"https:\/\/floresnavarro.com\/talleres\/taller-corona-de-mimosa-sabado-21-de-febrero-10h\">S\u00e1bado, 21 de Febrero &#8211; 10h<\/a><\/li>\n<\/ul>\n<h2>5. Bloom sessions #3<\/h2>\n<p>Damos la bienvenida a la primavera con un taller juvenil lleno de energ\u00eda. Crea un ramo alegre y colorido mientras disfrutas de m\u00fasica y buen ambiente.<\/p>\n<ul>\n<li><a href=\"https:\/\/floresnavarro.com\/talleres\/bloom-sessions-2?_gl=1*jgyre3*_ga*NzMzNTUwMjEzLjE3NjU4ODEyMzc.*_up*MQ..*_ga_RE3W6TNB5Q*czE3NjU4ODEyMzYkbzEkZzEkdDE3NjU4ODE1NDkkajYwJGwwJGgw\">Viernes, 6 de Marzo &#8211; 17:00h<\/a><\/li>\n<\/ul>\n<h2>6. Taller Bonsai<\/h2>\n<p>In\u00edciate en el arte del bons\u00e1i y aprende las t\u00e9cnicas b\u00e1sicas de modelado, poda y cuidado. Una experiencia relajante y paciente para conectar con la naturaleza.<\/p>\n<ul>\n<li><a href=\"https:\/\/floresnavarro.com\/talleres\/taller-de-bonsais?_gl=1*jgyre3*_ga*NzMzNTUwMjEzLjE3NjU4ODEyMzc.*_up*MQ..*_ga_RE3W6TNB5Q*czE3NjU4ODEyMzYkbzEkZzEkdDE3NjU4ODE1NDkkajYwJGwwJGgw\">S\u00e1bado, 7 de Marzo &#8211; 10:00h<\/a><\/li>\n<\/ul>\n<h2>7. Taller de ramo seco<\/h2>\n<p>Aprende a crear un ramo duradero con flores y elementos secos, ideal para decorar tu hogar durante el invierno. Una propuesta c\u00e1lida y natural que nunca pasa de moda.<\/p>\n<ul>\n<li><a href=\"https:\/\/floresnavarro.com\/talleres\/taller-ramo-seco-preservado-viernes-13-de-marzo-17h\">Viernes, 13 de Marzo- 17:00h<\/a><\/li>\n<\/ul>\n<h2>8. Taller Bouquet en estructura<\/h2>\n<p>Aprende a construir un bouquet con estructura s\u00f3lida y dise\u00f1o profesional. Ideal para quienes quieren dominar el soporte y la sujeci\u00f3n de composiciones m\u00e1s audaces.<\/p>\n<ul>\n<li><a href=\"https:\/\/floresnavarro.com\/talleres\/taller-bouquet-con-estructura-de-sisal?_gl=1*jgyre3*_ga*NzMzNTUwMjEzLjE3NjU4ODEyMzc.*_up*MQ..*_ga_RE3W6TNB5Q*czE3NjU4ODEyMzYkbzEkZzEkdDE3NjU4ODE1NDkkajYwJGwwJGgw\">S\u00e1bado, 21 de Marzo &#8211; 10:ooh<\/a><\/li>\n<\/ul>\n<h2>9. Taller Ramo de Hortensias<\/h2>\n<p>Las hortensias florecen con fuerza en esta \u00e9poca. Aprende a combinarlas con otras flores para crear ramos voluminosos, rom\u00e1nticos y llenos de encanto.<\/p>\n<ul>\n<li><a href=\"https:\/\/floresnavarro.com\/talleres\/taller-ramo-de-hortensias?_gl=1*apra1k*_ga*NzMzNTUwMjEzLjE3NjU4ODEyMzc.*_up*MQ..*_ga_RE3W6TNB5Q*czE3NjU4ODEyMzYkbzEkZzEkdDE3NjU4ODE1NDkkajYwJGwwJGgw\">Viernes, 15 de Mayo &#8211; 17:00h<\/a><\/li>\n<\/ul>\n<h2>10. Taller Kokedama<\/h2>\n<p>Descubre el arte japon\u00e9s de la kokedama en nuestro taller pr\u00e1ctico. Aprende a crear y cuidar tus propias esferas vegetales decorativas paso a paso.<\/p>\n<ul>\n<li><a href=\"https:\/\/floresnavarro.com\/talleres\/taller-de-kokedama?_gl=1*apra1k*_ga*NzMzNTUwMjEzLjE3NjU4ODEyMzc.*_up*MQ..*_ga_RE3W6TNB5Q*czE3NjU4ODEyMzYkbzEkZzEkdDE3NjU4ODE1NDkkajYwJGwwJGgw\">S\u00e1bado, 16 de Mayo &#8211; 10:00h<\/a><\/li>\n<\/ul>\n<h2>11. Taller plantas Crasas<\/h2>\n<p>Dise\u00f1a una composici\u00f3n con plantas crasas y suculentas. Aprende sus cuidados y crea un arreglo duradero y moderno para cualquier rinc\u00f3n.<\/p>\n<ul>\n<li><a href=\"https:\/\/floresnavarro.com\/talleres\/taller-de-crasas?_gl=1*apra1k*_ga*NzMzNTUwMjEzLjE3NjU4ODEyMzc.*_up*MQ..*_ga_RE3W6TNB5Q*czE3NjU4ODEyMzYkbzEkZzEkdDE3NjU4ODE1NDkkajYwJGwwJGgw\">Viernes, 29 de Mayo &#8211; 17:00h<\/a><\/li>\n<\/ul>\n<h2>12. Taller Ikebana<\/h2>\n<p>Explora la poes\u00eda del arte floral japon\u00e9s. Aprende a expresar emociones y equilibrio con flores, ramas y espacio. Una experiencia meditativa y creativa.<\/p>\n<ul>\n<li><a href=\"https:\/\/floresnavarro.com\/talleres\/taller-de-ikebana?_gl=1*apra1k*_ga*NzMzNTUwMjEzLjE3NjU4ODEyMzc.*_up*MQ..*_ga_RE3W6TNB5Q*czE3NjU4ODEyMzYkbzEkZzEkdDE3NjU4ODE1NDkkajYwJGwwJGgw\">S\u00e1bado, 30 de Mayo &#8211; 10:00h<\/a><\/li>\n<\/ul>\n<h2>13. Bloom session #4<\/h2>\n<p>Una nueva sesi\u00f3n juvenil llena de ritmo y color. Crearemos un ramo luminoso con flores de temporada y un toque divertido, perfecto para celebrar el verano.<\/p>\n<ul>\n<li><a href=\"https:\/\/floresnavarro.com\/talleres\/bloom-sessions-3-?_gl=1*1cv9zqu*_ga*NzMzNTUwMjEzLjE3NjU4ODEyMzc.*_up*MQ..*_ga_RE3W6TNB5Q*czE3NjU4ODEyMzYkbzEkZzEkdDE3NjU4ODE1NDkkajYwJGwwJGgw\">Viernes, 12 de Junio &#8211; 17:00h<\/a><\/li>\n<li><a href=\"https:\/\/floresnavarro.com\/talleres\/taller-bloom-sessions-3-sabado-13-de-junio-12h\">S\u00e1bado, 13 de Junio &#8211; 12:00h<\/a><\/li>\n<\/ul>\n<h2>14. Taller Geranios<\/h2>\n<p>El taller ideal para los amantes del jard\u00edn. Aprende a cuidar y multiplicar geranios para llenar balcones y terrazas de color durante los meses c\u00e1lidos.<\/p>\n<ul>\n<li><a href=\"https:\/\/floresnavarro.com\/talleres\/taller-de-geranios-y-consejos-estivales?_gl=1*1cv9zqu*_ga*NzMzNTUwMjEzLjE3NjU4ODEyMzc.*_up*MQ..*_ga_RE3W6TNB5Q*czE3NjU4ODEyMzYkbzEkZzEkdDE3NjU4ODE1NDkkajYwJGwwJGgw\">S\u00e1bado, 13 de Junio &#8211; 10:00h<\/a><\/li>\n<\/ul>\n<h2>15. Taller Ramo de Flores Garden Style (iniciaci\u00f3n)<\/h2>\n<p>Sum\u00e9rgete en el estilo garden: natural, libre y con movimiento. Aprende a combinar flores de verano para crear composiciones frescas y desenfadadas.<\/p>\n<ul>\n<li><a href=\"https:\/\/floresnavarro.com\/talleres\/taller-garden-style-iniciacion?_gl=1*1cv9zqu*_ga*NzMzNTUwMjEzLjE3NjU4ODEyMzc.*_up*MQ..*_ga_RE3W6TNB5Q*czE3NjU4ODEyMzYkbzEkZzEkdDE3NjU4ODE1NDkkajYwJGwwJGgw\">Viernes, 26 de Junio &#8211; 17:00h<\/a><\/li>\n<\/ul>\n<h2>16. Taller Ramo de Flores Garden Style con estructura<\/h2>\n<p>Perfecciona tu t\u00e9cnica floral con un ramo garden estructurado. Ideal para quienes buscan dar un paso m\u00e1s hacia la composici\u00f3n profesional.<\/p>\n<ul>\n<li><a href=\"https:\/\/floresnavarro.com\/talleres\/taller-garden-style-intermedio?_gl=1*1cv9zqu*_ga*NzMzNTUwMjEzLjE3NjU4ODEyMzc.*_up*MQ..*_ga_RE3W6TNB5Q*czE3NjU4ODEyMzYkbzEkZzEkdDE3NjU4ODE1NDkkajYwJGwwJGgw\">S\u00e1bado, 27 de Junio &#8211; 10:00h<\/a><\/li>\n<\/ul>\n<h2>17. Taller composici\u00f3n fruto iniciaci\u00f3n<\/h2>\n<p>Frescura, color y creatividad. Aprende a combinar frutas y flores para crear arreglos veraniegos llenos de vida y sabor.<\/p>\n<ul>\n<li><a href=\"https:\/\/floresnavarro.com\/talleres\/taller-composicion-fruta-y-flor?_gl=1*1sd5x4u*_ga*NzMzNTUwMjEzLjE3NjU4ODEyMzc.*_up*MQ..*_ga_RE3W6TNB5Q*czE3NjU4ODEyMzYkbzEkZzEkdDE3NjU4ODE1NDkkajYwJGwwJGgw\">Viernes, 10 de Julio &#8211; 17:00h<\/a><\/li>\n<\/ul>\n<h2>18. Taller Ikebana con estructura<\/h2>\n<p>Aprende a crear una composici\u00f3n en altura con la t\u00e9cnica de ikebana. Taller avanzado para quienes buscan m\u00e1s t\u00e9cnica, equilibrio y presencia visual.<\/p>\n<ul>\n<li><a href=\"https:\/\/floresnavarro.com\/talleres\/taller-intermedio-de-ikebana-sabado11-de-julio-10h\">S\u00e1bado, 11 de Julio &#8211; 10:00h<\/a><\/li>\n<\/ul>\n<h2>19. Bloom session #5<\/h2>\n<p>Comienza la nueva temporada con un taller juvenil acogedor y creativo. Dise\u00f1aremos un ramo con tonos c\u00e1lidos y naturales para dar la bienvenida al oto\u00f1o.<\/p>\n<ul>\n<li><a href=\"https:\/\/floresnavarro.com\/talleres\/bloom-sessions-4-?_gl=1*1sd5x4u*_ga*NzMzNTUwMjEzLjE3NjU4ODEyMzc.*_up*MQ..*_ga_RE3W6TNB5Q*czE3NjU4ODEyMzYkbzEkZzEkdDE3NjU4ODE1NDkkajYwJGwwJGgw\">Viernes, 18 de Septiembre &#8211; 17:00h<\/a><\/li>\n<\/ul>\n<h2>20. Taller Terrario<\/h2>\n<p>Crea un peque\u00f1o ecosistema dentro de un frasco de vidrio. Aprende sobre plantas de interior y ll\u00e9vate a casa un jard\u00edn autosuficiente y decorativo.<\/p>\n<ul>\n<li><a href=\"https:\/\/floresnavarro.com\/talleres\/taller-de-terrarios?_gl=1*1sd5x4u*_ga*NzMzNTUwMjEzLjE3NjU4ODEyMzc.*_up*MQ..*_ga_RE3W6TNB5Q*czE3NjU4ODEyMzYkbzEkZzEkdDE3NjU4ODE1NDkkajYwJGwwJGgw\">S\u00e1bado, 19 de Septiembre &#8211; 10:00h<\/a><\/li>\n<\/ul>\n<h2>21. Taller Ramo oto\u00f1al<\/h2>\n<p>Celebra el oto\u00f1o con un ramo en tonos tierra, hojas secas y flores de temporada. Una composici\u00f3n perfecta para llenar tu hogar de calidez.<\/p>\n<ul>\n<li><a href=\"https:\/\/floresnavarro.com\/talleres\/taller-ramo-de-otono?_gl=1*vfema8*_ga*NzMzNTUwMjEzLjE3NjU4ODEyMzc.*_up*MQ..*_ga_RE3W6TNB5Q*czE3NjU4ODEyMzYkbzEkZzEkdDE3NjU4ODE1NDkkajYwJGwwJGgw\">Viernes, 2 de Octubre &#8211; 17:00h<\/a><\/li>\n<li><a href=\"https:\/\/floresnavarro.com\/talleres\/taller-ramo-de-otono-sabado-3-de-octubre-10h\">S\u00e1bado, 3 de Octubre &#8211; 10:00h<\/a><\/li>\n<\/ul>\n<h2>22. Taller Calabaza de Halloween<\/h2>\n<p>\u00a1Creatividad y diversi\u00f3n! Aprende a vaciar y decorar una calabaza natural con flores oto\u00f1ales. El taller m\u00e1s divertido de la temporada.<\/p>\n<ul>\n<li>Viernes, 23 de Octubre &#8211; 17:00h<\/li>\n<li>S\u00e1bado, 24 de Octubre &#8211; 10:00h<\/li>\n<li>S\u00e1bado, 24 de Octubre &#8211; 12:00h (plantas)<\/li>\n<\/ul>\n<h2>23. Taller Corona Navide\u00f1a para la puerta<\/h2>\n<p>Dise\u00f1a una corona cl\u00e1sica con ramas, pi\u00f1as y cintas naturales. Ideal para preparar tu hogar para la Navidad con un toque artesanal.<\/p>\n<ul>\n<li><a href=\"https:\/\/floresnavarro.com\/talleres\/taller-corona-para-la-puerta?_gl=1*1gsgl83*_ga*NzMzNTUwMjEzLjE3NjU4ODEyMzc.*_up*MQ..*_ga_RE3W6TNB5Q*czE3NjU4ODEyMzYkbzEkZzEkdDE3NjU4ODE1NDkkajYwJGwwJGgw\">Viernes, 20 de Noviembre &#8211; 17:00h<\/a><\/li>\n<\/ul>\n<h2>24. Taller Corona Navide\u00f1a para la puerta con Hortensias<\/h2>\n<p>En este taller crearemos una versi\u00f3n elegante de la corona tradicional. Las hortensias aportan color y textura, creando una pieza \u00fanica para tu puerta.<\/p>\n<ul>\n<li><a href=\"https:\/\/floresnavarro.com\/talleres\/corona-de-hortensias?_gl=1*100zmdl*_ga*NzMzNTUwMjEzLjE3NjU4ODEyMzc.*_up*MQ..*_ga_RE3W6TNB5Q*czE3NjU4ODEyMzYkbzEkZzEkdDE3NjU4ODE1NDkkajYwJGwwJGgw\">S\u00e1bado, 21 de Noviembre &#8211; 10:00h<\/a><\/li>\n<\/ul>\n<h2>25. Bloom session #6<\/h2>\n<p>Sesi\u00f3n juvenil especial de final de temporada: crearemos una versi\u00f3n navide\u00f1a del ramo Bloom, con tonos y detalles festivos. La \u00faltima Bloom Session del a\u00f1o para cerrar la temporada con estilo.<\/p>\n<ul>\n<li><a href=\"https:\/\/floresnavarro.com\/talleres\/bloom-sessions-5?_gl=1*100zmdl*_ga*NzMzNTUwMjEzLjE3NjU4ODEyMzc.*_up*MQ..*_ga_RE3W6TNB5Q*czE3NjU4ODEyMzYkbzEkZzEkdDE3NjU4ODE1NDkkajYwJGwwJGgw\">Viernes, 27 de Noviembre &#8211; 17:00h<\/a><\/li>\n<\/ul>\n<h2>26. Taller Corona de Adviento<\/h2>\n<p>Celebra la llegada de la Navidad confeccionando tu propia corona de adviento. Un taller lleno de tradici\u00f3n, aroma y esp\u00edritu festivo.<\/p>\n<ul>\n<li><a href=\"https:\/\/floresnavarro.com\/talleres\/taller-de-corona-de-adviento?_gl=1*1ndodkx*_ga*NzMzNTUwMjEzLjE3NjU4ODEyMzc.*_up*MQ..*_ga_RE3W6TNB5Q*czE3NjU4ODEyMzYkbzEkZzEkdDE3NjU4ODE1NDkkajYwJGwwJGgw\">S\u00e1bado, 19 de Diciembre &#8211; 10:00h<\/a><\/li>\n<\/ul>\n<h2>27. Taller Ramo de flores Navide\u00f1o<\/h2>\n<p>Dise\u00f1a un ramo de invierno con flores y verdes naturales. Perfecto para regalar o decorar tu hogar durante las fiestas.<\/p>\n<ul>\n<li><a href=\"https:\/\/floresnavarro.com\/talleres\/taller-ramo-navideno-?_gl=1*1ndodkx*_ga*NzMzNTUwMjEzLjE3NjU4ODEyMzc.*_up*MQ..*_ga_RE3W6TNB5Q*czE3NjU4ODEyMzYkbzEkZzEkdDE3NjU4ODE1NDkkajYwJGwwJGgw\">Viernes, 11 de Diciembre &#8211; 17:00h<\/a><\/li>\n<li><a href=\"https:\/\/floresnavarro.com\/talleres\/taller-ramo-navideno-sabado-12-de-diciembre-10h\">S\u00e1bado, 12 de Diciembre &#8211; 10:00h<\/a><\/li>\n<\/ul>\n<h2>28. Taller Centro de mesa Navide\u00f1o<\/h2>\n<p>Despide el a\u00f1o con un centro de mesa natural. Combina velas, ramas y flores de temporada para llenar tus celebraciones de calidez y estilo.<\/p>\n<ul>\n<li><a href=\"https:\/\/floresnavarro.com\/talleres\/taller-centro-de-mesa-?_gl=1*1ndodkx*_ga*NzMzNTUwMjEzLjE3NjU4ODEyMzc.*_up*MQ..*_ga_RE3W6TNB5Q*czE3NjU4ODEyMzYkbzEkZzEkdDE3NjU4ODE1NDkkajYwJGwwJGgw\">Viernes, 18 de Diciembre &#8211; 17:00h<\/a><\/li>\n<li><a href=\"https:\/\/floresnavarro.com\/talleres\/taller-centro-de-mesa-sabado-19-de-diciembre-10h\">S\u00e1bado, 19 de Diciembre &#8211; 10:00h<\/a><\/li>\n<\/ul>\n<div>\n<p><strong>\u00a0<\/strong><\/p>\n<blockquote><p><em>Importante: Publicamos la agenda de talleres 2026 con muchos meses de antelaci\u00f3n para que puedas organizarte. Aun as\u00ed, nos reservamos el derecho a realizar ajustes en las fechas u horarios si fuera necesario. Si hubiera alg\u00fan cambio, te avisaremos siempre con tiempo.<\/em><\/p>\n<p>&nbsp;<\/p><\/blockquote>\n<h2><strong>Talleres Personalizados: Dise\u00f1ados para ti y tu Grupo<\/strong><\/h2>\n<p>Tambi\u00e9n ofrecemos la posibilidad de organizar talleres personalizados para grupos de al menos 10 personas. Podr\u00e1s elegir la tem\u00e1tica, la fecha y la hora. Una opci\u00f3n perfecta para celebraciones, actividades en equipo o momentos especiales con amigos y familiares. \u00a1Crea una experiencia \u00fanica!<\/p>\n<p>\u27a1\ufe0f\u00a0<a href=\"mailto:sylvia.navarro@flores-navarro.com\" target=\"_blank\" rel=\"noopener\"><strong><span style=\"text-decoration: underline; color: #339933;\">Env\u00eda un email con tu petici\u00f3n de taller personalizado<\/span><\/strong><\/a><\/p>\n<h3>\u00bfQu\u00e9 son nuestros talleres florales?<\/h3>\n<p>En nuestros talleres florales, descubrir\u00e1s el arte de la florister\u00eda de la mano de expertos. Desde la creaci\u00f3n de ramos hasta la elaboraci\u00f3n de centros de mesa, nuestros cursos est\u00e1n dise\u00f1ados para que cualquier persona, sin importar su experiencia previa, pueda participar.<\/p>\n<h3>\u00bfQu\u00e9 aprender\u00e1s en los talleres florales?<\/h3>\n<ul>\n<li>T\u00e9cnicas para combinar flores frescas y preservadas.<\/li>\n<li>C\u00f3mo cuidar tus flores para que duren m\u00e1s tiempo.<\/li>\n<li>Estilos de dise\u00f1o floral: cl\u00e1sico, moderno y bohemio.<\/li>\n<li>Consejos para personalizar arreglos para eventos especiales.<\/li>\n<\/ul>\n<h3>\u00bfPor qu\u00e9 elegir los talleres florales en Barcelona de Flores Navarro?<\/h3>\n<ol>\n<li><strong>Experiencia \u00danica<\/strong>: Nuestros talleres son perfectos para desconectar, relajarte y explorar tu lado creativo.<\/li>\n<li><strong>Ubicaci\u00f3n c\u00e9ntrica<\/strong>: Estamos en el coraz\u00f3n de Barcelona, con f\u00e1cil acceso desde cualquier punto de la ciudad.<\/li>\n<li><strong>Ambiente Inspirador<\/strong>: Trabajar\u00e1s en un espacio lleno de color, aroma y belleza floral.<\/li>\n<li><strong>Aprendizaje Pr\u00e1ctico<\/strong>: Cada taller est\u00e1 dise\u00f1ado para que te lleves a casa un arreglo floral hecho por ti.<\/li>\n<\/ol>\n<h3>\u00bfTengo que llevar algo al taller?<\/h3>\n<p>No, en Flores Navarro nos encargamos de todo. Te proporcionamos los materiales necesarios: flores, herramientas y accesorios. Solo necesitas traer tu creatividad, ganas de aprender y pasar un buen rato.<\/p>\n<h3>\u00bfCu\u00e1nto cuestan los talleres?<\/h3>\n<p>Los precios de nuestros talleres comienzan desde 38 \u20ac y var\u00edan seg\u00fan la tem\u00e1tica y duraci\u00f3n del taller. Las \u201cbloom sessions\u201d tienen un coste de 25\u20ac. Puedes consultar los precios actualizados y promociones en nuestro <a href=\"https:\/\/floresnavarro.com\/blog\">blog<\/a>, en nuestro <a href=\"https:\/\/www.instagram.com\/flores_navarro\/\">Instagram<\/a> y el <a href=\"https:\/\/www.instagram.com\/channel\/AbZ9QC9nWhhFaIBG\/\">canal de difusi\u00f3n de Talleres<\/a>.<\/p>\n<h3>\u00bfSon aptos para principiantes?<\/h3>\n<p>\u00a1Por supuesto! Nuestros talleres est\u00e1n dise\u00f1ados para todos los niveles. Tanto si es tu primera experiencia como si ya tienes conocimientos previos, aprender\u00e1s t\u00e9cnicas nuevas y te llevar\u00e1s un dise\u00f1o floral \u00fanico a casa.<\/p>\n<h3>\u00bfD\u00f3nde se encuentran y c\u00f3mo puedo llegar?<\/h3>\n<p>Nos encontramos en el coraz\u00f3n de Barcelona, en Carrer Val\u00e8ncia, 320. Nuestra tienda es f\u00e1cilmente accesible en transporte p\u00fablico o coche.<\/p>\n<h3>\u00bfIncluye merienda o desayuno?<\/h3>\n<p>\u00a1Claro! Durante los talleres te ofrecemos un delicioso desayuno o merienda.<\/p>\n<h3>\u00bfCu\u00e1ntas personas participan en cada taller?<\/h3>\n<p>Trabajamos con grupos reducidos, con un m\u00e1ximo de 20 personas por sesi\u00f3n. Esto garantiza una atenci\u00f3n personalizada y un ambiente cercano donde podr\u00e1s aprender c\u00f3modamente y disfrutar al m\u00e1ximo.<\/p>\n<h3>\u00bfQui\u00e9n imparte los talleres?<\/h3>\n<p>Los talleres son dirigidos por nuestros expertos floristas, quienes cuentan con a\u00f1os de experiencia en dise\u00f1o floral y decoraci\u00f3n. Ellos te ense\u00f1ar\u00e1n t\u00e9cnicas pr\u00e1cticas y estar\u00e1n disponibles para responder cualquier duda.<\/p>\n<h3>\u00bfPuedo reservar para un grupo privado?<\/h3>\n<p>S\u00ed, organizamos talleres personalizados para grupos privados. Perfectos para cumplea\u00f1os, despedidas de soltero\/a o eventos corporativos. Podr\u00e1s elegir la tem\u00e1tica, fecha y hora . Cont\u00e1ctanos para m\u00e1s informaci\u00f3n y tarifas especiales.<\/p>\n<h3>\u00bfCu\u00e1nto duran los talleres?<\/h3>\n<p>La duraci\u00f3n depende del tipo de taller, pero aproximadamente 2 horas.<\/p>\n<h3>\u00bfPuedo llevarme mi arreglo floral a casa?<\/h3>\n<p>\u00a1Por supuesto! Todo lo que crees durante el taller ser\u00e1 tuyo. Ll\u00e9vate a casa tu dise\u00f1o floral y disfr\u00fatalo como decoraci\u00f3n o como regalo para alguien especial.<\/p>\n<h3>\u00bfEs necesario reservar con antelaci\u00f3n?<\/h3>\n<p>S\u00ed, recomendamos reservar con antelaci\u00f3n, ya que las plazas son limitadas y los talleres suelen llenarse r\u00e1pidamente. Puedes hacerlo a trav\u00e9s de los enlaces del taller si las plazas ya est\u00e1n abiertas o de <a href=\"https:\/\/www.instagram.com\/flores_navarro\/\">Mensaje directo a nuestro perfil de Instagram<\/a>.<\/p>\n<h3>\u00bfQu\u00e9 tipo de flores usar\u00e9 en el taller?<\/h3>\n<p>Utilizamos flores frescas de temporada y flores preservadas de alta calidad. Adaptamos los materiales a cada estaci\u00f3n del a\u00f1o para que tengas una experiencia creativa y \u00fanica.<\/p>\n<h3>\u00bfQu\u00e9 tipo de talleres ofrec\u00e9is?<\/h3>\n<p>Disponemos de una amplia variedad de talleres:<\/p>\n<ul>\n<li><strong>Ramos de temporada<\/strong>: Aprende a crear arreglos florales \u00fanicos para cada estaci\u00f3n.<\/li>\n<li><strong>Flores preservadas<\/strong>: Dise\u00f1a composiciones que duran mucho tiempo.<\/li>\n<li><strong>Decoraci\u00f3n de eventos<\/strong>: Centros de mesa, decoraciones para bodas y m\u00e1s.<\/li>\n<li><strong>Talleres personalizados<\/strong>: Dise\u00f1ados a medida para grupos privados o empresas.<\/li>\n<li><strong>Bloom sessions<\/strong>: Pensado especialmente para el p\u00fablico m\u00e1s joven.<\/li>\n<\/ul>\n<h3>\u00bfEn qu\u00e9 idioma se imparten los talleres?<\/h3>\n<p>Principalmente los impartimos en catal\u00e1n y castellano, pero nuestros floristas tambi\u00e9n pueden ofrecer soporte en ingl\u00e9s si es necesario.<\/p>\n<h3>\u00bfC\u00f3mo puedo estar al d\u00eda de las \u00faltimas novedades?<\/h3>\n<p>\u00a1No te pierdas ninguna novedad! \u00danete a nuestro canal de difusi\u00f3n en Instagram para recibir informaci\u00f3n actualizada sobre fechas, tem\u00e1ticas y disponibilidad de plazas.<\/p>\n<p>\u27a1\ufe0f <a href=\"https:\/\/www.instagram.com\/channel\/AbZ9QC9nWhhFaIBG\/\">\u00danete al Canal de Talleres Florales Flores Navarro<\/a><\/p>\n<h3>Pol\u00edticas de los Talleres Florales de Flores Navarro<\/h3>\n<h4>Cancelaci\u00f3n del taller:<\/h4>\n<ul>\n<li>Si el taller no alcanza el m\u00ednimo de 10 participantes, se notificar\u00e1 a los inscritos con al menos 24 horas de antelaci\u00f3n y se realizar\u00e1 la devoluci\u00f3n \u00edntegra del importe pagado.<\/li>\n<\/ul>\n<h4>Pol\u00edtica de devoluciones:<\/h4>\n<ul>\n<li>Si decides cancelar tu inscripci\u00f3n, puedes solicitar la devoluci\u00f3n del importe hasta el viernes a las 12h de la semana anterior al taller<\/li>\n<li>Para cancelaciones realizadas entre 7 y 3 d\u00edas antes del taller, se devolver\u00e1 el 50% del importe.<\/li>\n<li>Las cancelaciones realizadas con menos de 72 horas de antelaci\u00f3n no ser\u00e1n reembolsables debido a la planificaci\u00f3n previa y adquisici\u00f3n de materiales.<\/li>\n<\/ul>\n<h4>Cambios de fecha:<\/h4>\n<ul>\n<li>En caso de que no puedas asistir al taller, se permitir\u00e1 un cambio de fecha siempre y cuando nos avises con al menos 7 d\u00edas de antelaci\u00f3n y haya plazas disponibles en otro taller.<\/li>\n<\/ul>\n<p>Estas pol\u00edticas est\u00e1n dise\u00f1adas para garantizar una experiencia fluida y justa para todos los participantes, as\u00ed como para nuestro equipo organizador.<\/p>\n<\/div>\n","protected":false},"excerpt":{"rendered":"<p>Por segundo a\u00f1o consecutivo, nuestros talleres florales son todo un \u00e9xito, y por eso hemos preparado una nueva agenda de talleres para 2026, pensada para seguir inspirando tu creatividad. Este a\u00f1o podr\u00e1s encontrar talleres de plantas y talleres de flores en distintos niveles \u2014b\u00e1sico e intermedio\u2014, ideales tanto para quienes se inician como para quienes [&hellip;]<\/p>\n","protected":false},"author":3,"featured_media":47243,"comment_status":"open","ping_status":"open","sticky":false,"template":"","format":"standard","meta":{"meta_title":"","meta_description":"","footnotes":""},"categories":[19],"tags":[],"class_list":["post-47244","post","type-post","status-publish","format-standard","has-post-thumbnail","hentry","category-talleres"],"language":"es","_links":{"self":[{"href":"https:\/\/floresnavarro.com\/blog\/wp-json\/wp\/v2\/posts\/47244","targetHints":{"allow":["GET"]}}],"collection":[{"href":"https:\/\/floresnavarro.com\/blog\/wp-json\/wp\/v2\/posts"}],"about":[{"href":"https:\/\/floresnavarro.com\/blog\/wp-json\/wp\/v2\/types\/post"}],"author":[{"embeddable":true,"href":"https:\/\/floresnavarro.com\/blog\/wp-json\/wp\/v2\/users\/3"}],"replies":[{"embeddable":true,"href":"https:\/\/floresnavarro.com\/blog\/wp-json\/wp\/v2\/comments?post=47244"}],"version-history":[{"count":17,"href":"https:\/\/floresnavarro.com\/blog\/wp-json\/wp\/v2\/posts\/47244\/revisions"}],"predecessor-version":[{"id":49935,"href":"https:\/\/floresnavarro.com\/blog\/wp-json\/wp\/v2\/posts\/47244\/revisions\/49935"}],"wp:featuredmedia":[{"embeddable":true,"href":"https:\/\/floresnavarro.com\/blog\/wp-json\/wp\/v2\/media\/47243"}],"wp:attachment":[{"href":"https:\/\/floresnavarro.com\/blog\/wp-json\/wp\/v2\/media?parent=47244"}],"wp:term":[{"taxonomy":"category","embeddable":true,"href":"https:\/\/floresnavarro.com\/blog\/wp-json\/wp\/v2\/categories?post=47244"},{"taxonomy":"post_tag","embeddable":true,"href":"https:\/\/floresnavarro.com\/blog\/wp-json\/wp\/v2\/tags?post=47244"}],"curies":[{"name":"wp","href":"https:\/\/api.w.org\/{rel}","templated":true}]}}