{"id":47107,"date":"2025-11-07T03:15:38","date_gmt":"2025-11-07T02:15:38","guid":{"rendered":"https:\/\/floresnavarro.nearwebs.com\/blog\/decoracion-en-invierno-con-flores-las-mejores-ideas\/"},"modified":"2025-11-07T04:16:39","modified_gmt":"2025-11-07T03:16:39","slug":"decoracion-en-invierno-con-flores-las-mejores-ideas","status":"publish","type":"post","link":"https:\/\/floresnavarro.com\/blog\/decoracion-en-invierno-con-flores-las-mejores-ideas\/","title":{"rendered":"Decoraci\u00f3n en invierno con flores: \u00a1las mejores ideas!"},"content":{"rendered":"<section class=\"elementor-element elementor-element-6600762e elementor-section-boxed elementor-section-height-default elementor-section-height-default elementor-section elementor-top-section\" data-id=\"6600762e\" data-element_type=\"section\" data-settings='{\"background_background\":\"classic\"}'>\n<div class=\"elementor-container elementor-column-gap-default\">\n<div class=\"elementor-row\">\n<div class=\"elementor-element elementor-element-203ed257 elementor-column elementor-col-100 elementor-top-column\" data-id=\"203ed257\" data-element_type=\"column\">\n<div class=\"elementor-column-wrap elementor-element-populated\">\n<div class=\"elementor-widget-wrap\">\n<div class=\"elementor-element elementor-element-b95e40a elementor-widget elementor-widget-image\" data-id=\"b95e40a\" data-element_type=\"widget\" data-widget_type=\"image.default\">\n<div class=\"elementor-widget-container\">\n<div class=\"elementor-image\">\n                            <img decoding=\"async\" src=\"https:\/\/floresnavarro.nearwebs.com\/blog\/wp-content\/uploads\/2025\/11\/jarron-invernal-variado-2.jpg\" alt=\"decoracion invernal\" title=\"flores de invierno\" width=\"659\" height=\"659\" fetchpriority=\"high\">                                <\/div>\n<\/p>\n<\/div>\n<\/div>\n<div class=\"elementor-element elementor-element-3a84819b elementor-widget elementor-widget-text-editor\" data-id=\"3a84819b\" data-element_type=\"widget\" data-widget_type=\"text-editor.default\">\n<div class=\"elementor-widget-container\">\n<div class=\"elementor-text-editor elementor-clearfix\">\n<p style=\"color: #111;\"><span color=\"#111111\">El invierno trae consigo la brisa fr\u00eda, pero tambi\u00e9n la oportunidad de crear <strong>acogedoras decoraciones que transforman tu hogar en un refugio c\u00e1lido y encantador. <\/strong>Para nosotros las flores son la clave para a\u00f1adir un toque especial a esta temporada, por eso te invitamos a explorar las mejores ideas para<strong>\u00a0<span><a href=\"https:\/\/floresnavarro.com\/es\/153-flores-invierno\"><span>decorar tu espacio con flores durante los meses invernales.<\/span><\/a><\/span><\/strong>\u00a0<\/span><\/p>\n<p style=\"color: #111;\"><span color=\"#111111\">Descubre c\u00f3mo estas preciosas flores pueden iluminar tu hogar y brindar calidez y belleza en medio del invierno.<\/span><\/p>\n<\/div>\n<\/div>\n<\/div>\n<\/div>\n<\/div>\n<\/div>\n<\/div>\n<\/div>\n<\/section>\n<section class=\"elementor-element elementor-element-3ecf4aab elementor-section-boxed elementor-section-height-default elementor-section-height-default elementor-section elementor-top-section\" data-id=\"3ecf4aab\" data-element_type=\"section\" data-settings='{\"background_background\":\"classic\"}'>\n<div class=\"elementor-container elementor-column-gap-default\">\n<div class=\"elementor-row\">\n<div class=\"elementor-element elementor-element-5b56c84a elementor-column elementor-col-100 elementor-top-column\" data-id=\"5b56c84a\" data-element_type=\"column\">\n<div class=\"elementor-column-wrap elementor-element-populated\">\n<div class=\"elementor-widget-wrap\">\n<div class=\"elementor-element elementor-element-e95f634 elementor-widget elementor-widget-heading\" data-id=\"e95f634\" data-element_type=\"widget\" data-widget_type=\"heading.default\">\n<div class=\"elementor-widget-container\">\n<h2 class=\"elementor-heading-title elementor-size-default\">\u00bfCu\u00e1les son las flores de invierno?<\/h2>\n<\/p>\n<\/div>\n<\/div>\n<div class=\"elementor-element elementor-element-63a2ae85 elementor-widget elementor-widget-image\" data-id=\"63a2ae85\" data-element_type=\"widget\" data-widget_type=\"image.default\">\n<div class=\"elementor-widget-container\">\n<div class=\"elementor-image\">\n                            <img decoding=\"async\" src=\"https:\/\/floresnavarro.nearwebs.com\/blog\/wp-content\/uploads\/2025\/11\/flores-variadas-de-invierno-2.jpg\" loading=\"lazy\" alt=\"flores de invierno\" title=\"cuales son las flores invernales\" width=\"659\" height=\"659\">                                <\/div>\n<\/p>\n<\/div>\n<\/div>\n<div class=\"elementor-element elementor-element-4eb0b4a7 elementor-widget elementor-widget-text-editor\" data-id=\"4eb0b4a7\" data-element_type=\"widget\" data-widget_type=\"text-editor.default\">\n<div class=\"elementor-widget-container\">\n<div class=\"elementor-text-editor elementor-clearfix\">\n<p style=\"color: #111;\"><span color=\"#111111\">En invierno, las opciones florales se expanden ofreciendo <strong>una amplia gama de colores y texturas<\/strong> para embellecer tu hogar. A continuaci\u00f3n, te presentamos <strong>algunas opciones para incorporar a tu decoraci\u00f3n de invierno:<\/strong><\/span><\/p>\n<\/div>\n<\/div>\n<\/div>\n<div class=\"elementor-element elementor-element-6b87dcf9 elementor-widget elementor-widget-heading\" data-id=\"6b87dcf9\" data-element_type=\"widget\" data-widget_type=\"heading.default\">\n<div class=\"elementor-widget-container\">\n<h3 class=\"elementor-heading-title elementor-size-default\"><b>Lilium<\/b><\/h3>\n<\/p>\n<\/div>\n<\/div>\n<div class=\"elementor-element elementor-element-8c8fa2f elementor-widget elementor-widget-image\" data-id=\"8c8fa2f\" data-element_type=\"widget\" data-widget_type=\"image.default\">\n<div class=\"elementor-widget-container\">\n<div class=\"elementor-image\">\n                            <img decoding=\"async\" src=\"https:\/\/floresnavarro.nearwebs.com\/blog\/wp-content\/uploads\/2025\/11\/ramo-de-lilium-invernal-2.jpg\" loading=\"lazy\" alt=\"lilium invernales\" title=\"flor lilium\" width=\"659\" height=\"659\">                                <\/div>\n<\/p>\n<\/div>\n<\/div>\n<div class=\"elementor-element elementor-element-db5a3c9 elementor-widget elementor-widget-text-editor\" data-id=\"db5a3c9\" data-element_type=\"widget\" data-widget_type=\"text-editor.default\">\n<div class=\"elementor-widget-container\">\n<div class=\"elementor-text-editor elementor-clearfix\">\n<p style=\"color: #111;\"><span color=\"#111111\">Los liliums <strong>son flores majestuosas y elegantes<\/strong> y existen una gran variedad de colores desde blancos y cremas hasta tonos m\u00e1s oscuros.\u00a0<\/span><\/p>\n<p style=\"color: #111;\"><span color=\"#111111\">Estas preciosas flores son conocidas por su forma distintiva y<strong> aroma encantador.<\/strong> Se pueden utilizar como flor principal en arreglos florales o combinarse con otras flores de invierno para crear contrastes visuales impactantes.<\/span><\/p>\n<p style=\"color: #111;\"><span color=\"#111111\">Si quieres que resalten a\u00fan m\u00e1s, <strong>col\u00f3calos en jarrones altos.<\/strong><\/span><\/p>\n<\/div>\n<\/div>\n<\/div>\n<div class=\"elementor-element elementor-element-74681e0 elementor-widget elementor-widget-heading\" data-id=\"74681e0\" data-element_type=\"widget\" data-widget_type=\"heading.default\">\n<div class=\"elementor-widget-container\">\n<h3 class=\"elementor-heading-title elementor-size-default\"><b>Compra los Liliums invernales:<\/b><\/h3>\n<\/p>\n<\/div>\n<\/div>\n<div class=\"elementor-element elementor-element-225831f elementor-atc--align-justify elementor-widget elementor-widget-product-grid\" data-id=\"225831f\" data-element_type=\"widget\" data-widget_type=\"product-grid.default\">\n<div class=\"elementor-widget-container\">\n<div class=\"elementor-product-grid\">\n<div class=\"col-12 product-card\" data-id=\"101099\" data-random=\"{p_random}\" data-image-number=\"2\" data-auto-text=\"False\">\n<div class=\"product-media\">\n                <button class=\"product-wish wish\" onclick=\"ProductoFavoritoRelated(this);\" data-id=\"101099\" tabindex=\"0\"><br \/>\n                        <i class=\"far fa-heart\"><\/i><br \/>\n                <\/button><br \/>\n                <a class=\"product-image\" href=\"\/flores\/ramo-de-lilium-invernal\" tabindex=\"0\"><br \/>\n                    <img decoding=\"async\" class=\"col-6\" src=\"https:\/\/floresnavarro.nearwebs.com\/blog\/wp-content\/uploads\/2025\/11\/ramo-de-lilium-invernal-1-2.webp\" alt=\"product\" loading=\"lazy\"><br \/>\n                    <img decoding=\"async\" class=\"col-6\" src=\"https:\/\/floresnavarro.nearwebs.com\/blog\/wp-content\/uploads\/2025\/11\/ramo-de-lilium-invernal-2-2.webp\" alt=\"product\" loading=\"lazy\"><br \/>\n                <\/a>\n            <\/div>\n<div class=\"product-content\">\n                <input id=\"product_measure_101099\" type=\"hidden\" value=\"0\" tabindex=\"0\"><br \/>\n                <input type=\"hidden\" value=\"0\" id=\"div-qte-active\" tabindex=\"0\"><br \/>\n                <input type=\"hidden\" value=\"1\" id=\"div-format-active\" tabindex=\"0\"><br \/>\n                <input class=\"action-input\" title=\"Quantity Number\" type=\"hidden\" name=\"quantity\" value=\"1\" id=\"qte-product-101099\" onchange=\"ChangeQteProductRelated(101099, 0);\" tabindex=\"0\"><\/p>\n<div class=\"product-card-button\" id=\"div-add-101099\">\n                    <button class=\"shop-widget-btn btn-carrito-add\" tabindex=\"0\" onclick=\"AddProductWithQteAndFormat(101099, document.getElementById('qte-product-101099').value, document.getElementById('product_measure_101099').value);\"><br \/>\n                        <span>Ramo de lilium asterguey<\/span><br \/>\n                    <\/button>\n                <\/div>\n<p>                <span class=\"product-blog-admin\" data-id=\"101099\"><\/span>\n            <\/div>\n<\/p>\n<\/div>\n<div class=\"col-12 product-card\" data-id=\"101101\" data-random=\"{p_random}\" data-image-number=\"2\" data-auto-text=\"False\">\n<div class=\"product-media\">\n                <button class=\"product-wish wish\" onclick=\"ProductoFavoritoRelated(this);\" data-id=\"101101\" tabindex=\"0\"><br \/>\n                        <i class=\"far fa-heart\"><\/i><br \/>\n                <\/button><br \/>\n                <a class=\"product-image\" href=\"\/flores-invierno\/ramo-tricolor\" tabindex=\"0\"><br \/>\n                    <img decoding=\"async\" class=\"col-6\" src=\"https:\/\/floresnavarro.nearwebs.com\/blog\/wp-content\/uploads\/2025\/11\/ramo-tricolor-2-2.webp\" alt=\"product\" loading=\"lazy\"><br \/>\n                    <img decoding=\"async\" class=\"col-6\" src=\"https:\/\/floresnavarro.nearwebs.com\/blog\/wp-content\/uploads\/2025\/11\/ramo-tricolor-1-2.webp\" alt=\"product\" loading=\"lazy\"><br \/>\n                <\/a>\n            <\/div>\n<div class=\"product-content\">\n                <input id=\"product_measure_101101\" type=\"hidden\" value=\"0\" tabindex=\"0\"><br \/>\n                <input type=\"hidden\" value=\"0\" id=\"div-qte-active\" tabindex=\"0\"><br \/>\n                <input type=\"hidden\" value=\"1\" id=\"div-format-active\" tabindex=\"0\"><br \/>\n                <input class=\"action-input\" title=\"Quantity Number\" type=\"hidden\" name=\"quantity\" value=\"1\" id=\"qte-product-101101\" onchange=\"ChangeQteProductRelated(101101, 0);\" tabindex=\"0\"><\/p>\n<div class=\"product-card-button\" id=\"div-add-101101\">\n                    <button class=\"shop-widget-btn btn-carrito-add\" tabindex=\"0\" onclick=\"AddProductWithQteAndFormat(101101, document.getElementById('qte-product-101101').value, document.getElementById('product_measure_101101').value);\"><br \/>\n                        <span>Ramo tricolor<\/span><br \/>\n                    <\/button>\n                <\/div>\n<p>                <span class=\"product-blog-admin\" data-id=\"101101\"><\/span>\n            <\/div>\n<\/p>\n<\/div>\n<\/div>\n<\/div>\n<\/div>\n<\/div>\n<\/div>\n<\/div>\n<\/div>\n<\/div>\n<\/section>\n<section class=\"elementor-element elementor-element-5685541e elementor-section-boxed elementor-section-height-default elementor-section-height-default elementor-section elementor-top-section\" data-id=\"5685541e\" data-element_type=\"section\" data-settings='{\"background_background\":\"classic\"}'>\n<div class=\"elementor-container elementor-column-gap-default\">\n<div class=\"elementor-row\">\n<div class=\"elementor-element elementor-element-6dca08a elementor-column elementor-col-100 elementor-top-column\" data-id=\"6dca08a\" data-element_type=\"column\">\n<div class=\"elementor-column-wrap elementor-element-populated\">\n<div class=\"elementor-widget-wrap\">\n<div class=\"elementor-element elementor-element-e4cf31a elementor-widget elementor-widget-heading\" data-id=\"e4cf31a\" data-element_type=\"widget\" data-widget_type=\"heading.default\">\n<div class=\"elementor-widget-container\">\n<h3 class=\"elementor-heading-title elementor-size-default\"><b>Tulipanes<\/b><\/h3>\n<\/p>\n<\/div>\n<\/div>\n<div class=\"elementor-element elementor-element-71ef4b56 elementor-widget elementor-widget-image\" data-id=\"71ef4b56\" data-element_type=\"widget\" data-widget_type=\"image.default\">\n<div class=\"elementor-widget-container\">\n<div class=\"elementor-image\">\n                            <img decoding=\"async\" src=\"https:\/\/floresnavarro.nearwebs.com\/blog\/wp-content\/uploads\/2025\/11\/ramo-de-tulipanes-para-decorar-el-invierno-2.jpg\" loading=\"lazy\" alt=\"tulipanes de varios colores\" title=\"jarron tricolor\" width=\"659\" height=\"659\">                                <\/div>\n<\/p>\n<\/div>\n<\/div>\n<div class=\"elementor-element elementor-element-6d473295 elementor-widget elementor-widget-text-editor\" data-id=\"6d473295\" data-element_type=\"widget\" data-widget_type=\"text-editor.default\">\n<div class=\"elementor-widget-container\">\n<div class=\"elementor-text-editor elementor-clearfix\">\n<p style=\"color: #111;\"><span color=\"#111111\">Los tulipanes con su forma \u00fanica y su disponibilidad en una amplia gama de colores <strong>los convierten en una opci\u00f3n vers\u00e1til <\/strong>para la decoraci\u00f3n invernal.\u00a0<\/span><\/p>\n<p style=\"color: #111;\"><span color=\"#111111\">Los tulipanes pueden <strong>representar la esperanza y la renovaci\u00f3n<\/strong> a\u00f1adiendo una armon\u00eda visual cautivadora a tu hogar.<\/span><\/p>\n<\/div>\n<\/div>\n<\/div>\n<div class=\"elementor-element elementor-element-4f063240 elementor-widget elementor-widget-heading\" data-id=\"4f063240\" data-element_type=\"widget\" data-widget_type=\"heading.default\">\n<div class=\"elementor-widget-container\">\n<h3 class=\"elementor-heading-title elementor-size-default\"><b>Compra el Ramo de Tulipanes perfecto:<\/b><\/h3>\n<\/p>\n<\/div>\n<\/div>\n<div class=\"elementor-element elementor-element-42d1e36a elementor-atc--align-justify elementor-widget elementor-widget-product-grid\" data-id=\"42d1e36a\" data-element_type=\"widget\" data-widget_type=\"product-grid.default\">\n<div class=\"elementor-widget-container\">\n<div class=\"elementor-product-grid\">\n<div class=\"col-12 product-card\" data-id=\"101100\" data-random=\"{p_random}\" data-image-number=\"2\" data-auto-text=\"False\">\n<div class=\"product-media\">\n                <button class=\"product-wish wish\" onclick=\"ProductoFavoritoRelated(this);\" data-id=\"101100\" tabindex=\"0\"><br \/>\n                        <i class=\"far fa-heart\"><\/i><br \/>\n                <\/button><br \/>\n                <a class=\"product-image\" href=\"\/flores-invierno\/ramo-de-tulipanes\" tabindex=\"0\"><br \/>\n                    <img decoding=\"async\" class=\"col-6\" src=\"https:\/\/floresnavarro.nearwebs.com\/blog\/wp-content\/uploads\/2025\/11\/ramo-de-tulipanes-1-3.webp\" alt=\"product\" loading=\"lazy\"><br \/>\n                    <img decoding=\"async\" class=\"col-6\" src=\"https:\/\/floresnavarro.nearwebs.com\/blog\/wp-content\/uploads\/2025\/11\/ramo-de-tulipanes-2-2.webp\" alt=\"product\" loading=\"lazy\"><br \/>\n                <\/a>\n            <\/div>\n<div class=\"product-content\">\n                <input id=\"product_measure_101100\" type=\"hidden\" value=\"0\" tabindex=\"0\"><br \/>\n                <input type=\"hidden\" value=\"0\" id=\"div-qte-active\" tabindex=\"0\"><br \/>\n                <input type=\"hidden\" value=\"1\" id=\"div-format-active\" tabindex=\"0\"><br \/>\n                <input class=\"action-input\" title=\"Quantity Number\" type=\"hidden\" name=\"quantity\" value=\"1\" id=\"qte-product-101100\" onchange=\"ChangeQteProductRelated(101100, 0);\" tabindex=\"0\"><\/p>\n<div class=\"product-card-button\" id=\"div-add-101100\">\n                    <button class=\"shop-widget-btn btn-carrito-add\" tabindex=\"0\" onclick=\"AddProductWithQteAndFormat(101100, document.getElementById('qte-product-101100').value, document.getElementById('product_measure_101100').value);\"><br \/>\n                        <span>Ramo de tulipanes col. flores de invierno<\/span><br \/>\n                    <\/button>\n                <\/div>\n<p>                <span class=\"product-blog-admin\" data-id=\"101100\"><\/span>\n            <\/div>\n<\/p>\n<\/div>\n<\/div>\n<\/div>\n<\/div>\n<\/div>\n<\/div>\n<\/div>\n<\/div>\n<\/div>\n<\/section>\n<section class=\"elementor-element elementor-element-de725de elementor-section-boxed elementor-section-height-default elementor-section-height-default elementor-section elementor-top-section\" data-id=\"de725de\" data-element_type=\"section\" data-settings='{\"background_background\":\"classic\"}'>\n<div class=\"elementor-container elementor-column-gap-default\">\n<div class=\"elementor-row\">\n<div class=\"elementor-element elementor-element-3a62a527 elementor-column elementor-col-100 elementor-top-column\" data-id=\"3a62a527\" data-element_type=\"column\">\n<div class=\"elementor-column-wrap elementor-element-populated\">\n<div class=\"elementor-widget-wrap\">\n<div class=\"elementor-element elementor-element-c339314 elementor-widget elementor-widget-heading\" data-id=\"c339314\" data-element_type=\"widget\" data-widget_type=\"heading.default\">\n<div class=\"elementor-widget-container\">\n<h3 class=\"elementor-heading-title elementor-size-default\"><b>Rosas<\/b><\/h3>\n<\/p>\n<\/div>\n<\/div>\n<div class=\"elementor-element elementor-element-61f3354 elementor-widget elementor-widget-image\" data-id=\"61f3354\" data-element_type=\"widget\" data-widget_type=\"image.default\">\n<div class=\"elementor-widget-container\">\n<div class=\"elementor-image\">\n                            <img decoding=\"async\" src=\"https:\/\/floresnavarro.nearwebs.com\/blog\/wp-content\/uploads\/2025\/11\/cesta-de-rosas-varios-colores-2.jpg\" loading=\"lazy\" alt=\"rosas rosas, rojas, amarillas\" title=\"rosas multicolor\" width=\"659\" height=\"659\">                                <\/div>\n<\/p>\n<\/div>\n<\/div>\n<div class=\"elementor-element elementor-element-bf2832c elementor-widget elementor-widget-text-editor\" data-id=\"bf2832c\" data-element_type=\"widget\" data-widget_type=\"text-editor.default\">\n<div class=\"elementor-widget-container\">\n<div class=\"elementor-text-editor elementor-clearfix\">\n<p style=\"color: #111;\"><span color=\"#111111\">Las rosas <strong>son flores atemporales<\/strong> y en esta \u00e9poca puedes elegir tonos c\u00e1lidos como rojos fuertes, blancos o incluso rosas pastel.\u00a0<\/span><\/p>\n<p style=\"color: #111;\"><span color=\"#111111\">Decora con estos bonitos arreglos florales que <strong>aportan calidez y romanticismo a tu espacio.<\/strong><\/span><\/p>\n<\/div>\n<\/div>\n<\/div>\n<div class=\"elementor-element elementor-element-4fab80f8 elementor-widget elementor-widget-heading\" data-id=\"4fab80f8\" data-element_type=\"widget\" data-widget_type=\"heading.default\">\n<div class=\"elementor-widget-container\">\n<h3 class=\"elementor-heading-title elementor-size-default\"><b>Compra las Rosas perfectas:<\/b><\/h3>\n<\/p>\n<\/div>\n<\/div>\n<div class=\"elementor-element elementor-element-2d2c60f elementor-atc--align-justify elementor-widget elementor-widget-product-grid\" data-id=\"2d2c60f\" data-element_type=\"widget\" data-widget_type=\"product-grid.default\">\n<div class=\"elementor-widget-container\">\n<div class=\"elementor-product-grid\">\n<div class=\"col-12 product-card\" data-id=\"101095\" data-random=\"{p_random}\" data-image-number=\"2\" data-auto-text=\"False\">\n<div class=\"product-media\">\n                <button class=\"product-wish wish\" onclick=\"ProductoFavoritoRelated(this);\" data-id=\"101095\" tabindex=\"0\"><br \/>\n                        <i class=\"far fa-heart\"><\/i><br \/>\n                <\/button><br \/>\n                <a class=\"product-image\" href=\"\/flores-invierno\/cesta-de-rosas-variadas\" tabindex=\"0\"><br \/>\n                    <img decoding=\"async\" class=\"col-6\" src=\"https:\/\/floresnavarro.nearwebs.com\/blog\/wp-content\/uploads\/2025\/11\/cesta-de-rosas-variadas-1-2.webp\" alt=\"product\" loading=\"lazy\"><br \/>\n                    <img decoding=\"async\" class=\"col-6\" src=\"https:\/\/floresnavarro.nearwebs.com\/blog\/wp-content\/uploads\/2025\/11\/cesta-de-rosas-variadas-2-2.webp\" alt=\"product\" loading=\"lazy\"><br \/>\n                <\/a>\n            <\/div>\n<div class=\"product-content\">\n                <input id=\"product_measure_101095\" type=\"hidden\" value=\"0\" tabindex=\"0\"><br \/>\n                <input type=\"hidden\" value=\"0\" id=\"div-qte-active\" tabindex=\"0\"><br \/>\n                <input type=\"hidden\" value=\"1\" id=\"div-format-active\" tabindex=\"0\"><br \/>\n                <input class=\"action-input\" title=\"Quantity Number\" type=\"hidden\" name=\"quantity\" value=\"1\" id=\"qte-product-101095\" onchange=\"ChangeQteProductRelated(101095, 0);\" tabindex=\"0\"><\/p>\n<div class=\"product-card-button\" id=\"div-add-101095\">\n                    <button class=\"shop-widget-btn btn-carrito-add\" tabindex=\"0\" onclick=\"AddProductWithQteAndFormat(101095, document.getElementById('qte-product-101095').value, document.getElementById('product_measure_101095').value);\"><br \/>\n                        <span>Cesta de rosas variadas<\/span><br \/>\n                    <\/button>\n                <\/div>\n<p>                <span class=\"product-blog-admin\" data-id=\"101095\"><\/span>\n            <\/div>\n<\/p>\n<\/div>\n<div class=\"col-12 product-card\" data-id=\"101101\" data-random=\"{p_random}\" data-image-number=\"2\" data-auto-text=\"False\">\n<div class=\"product-media\">\n                <button class=\"product-wish wish\" onclick=\"ProductoFavoritoRelated(this);\" data-id=\"101101\" tabindex=\"0\"><br \/>\n                        <i class=\"far fa-heart\"><\/i><br \/>\n                <\/button><br \/>\n                <a class=\"product-image\" href=\"\/flores-invierno\/ramo-tricolor\" tabindex=\"0\"><br \/>\n                    <img decoding=\"async\" class=\"col-6\" src=\"https:\/\/floresnavarro.nearwebs.com\/blog\/wp-content\/uploads\/2025\/11\/ramo-tricolor-2-2.webp\" alt=\"product\" loading=\"lazy\"><br \/>\n                    <img decoding=\"async\" class=\"col-6\" src=\"https:\/\/floresnavarro.nearwebs.com\/blog\/wp-content\/uploads\/2025\/11\/ramo-tricolor-1-2.webp\" alt=\"product\" loading=\"lazy\"><br \/>\n                <\/a>\n            <\/div>\n<div class=\"product-content\">\n                <input id=\"product_measure_101101\" type=\"hidden\" value=\"0\" tabindex=\"0\"><br \/>\n                <input type=\"hidden\" value=\"0\" id=\"div-qte-active\" tabindex=\"0\"><br \/>\n                <input type=\"hidden\" value=\"1\" id=\"div-format-active\" tabindex=\"0\"><br \/>\n                <input class=\"action-input\" title=\"Quantity Number\" type=\"hidden\" name=\"quantity\" value=\"1\" id=\"qte-product-101101\" onchange=\"ChangeQteProductRelated(101101, 0);\" tabindex=\"0\"><\/p>\n<div class=\"product-card-button\" id=\"div-add-101101\">\n                    <button class=\"shop-widget-btn btn-carrito-add\" tabindex=\"0\" onclick=\"AddProductWithQteAndFormat(101101, document.getElementById('qte-product-101101').value, document.getElementById('product_measure_101101').value);\"><br \/>\n                        <span>Ramo tricolor<\/span><br \/>\n                    <\/button>\n                <\/div>\n<p>                <span class=\"product-blog-admin\" data-id=\"101101\"><\/span>\n            <\/div>\n<\/p>\n<\/div>\n<\/div>\n<\/div>\n<\/div>\n<\/div>\n<\/div>\n<\/div>\n<\/div>\n<\/div>\n<\/section>\n<section class=\"elementor-element elementor-element-0c907c6 elementor-section-boxed elementor-section-height-default elementor-section-height-default elementor-section elementor-top-section\" data-id=\"0c907c6\" data-element_type=\"section\" data-settings='{\"background_background\":\"classic\"}'>\n<div class=\"elementor-container elementor-column-gap-default\">\n<div class=\"elementor-row\">\n<div class=\"elementor-element elementor-element-e81e6d3 elementor-column elementor-col-100 elementor-top-column\" data-id=\"e81e6d3\" data-element_type=\"column\">\n<div class=\"elementor-column-wrap elementor-element-populated\">\n<div class=\"elementor-widget-wrap\">\n<div class=\"elementor-element elementor-element-4137109 elementor-widget elementor-widget-heading\" data-id=\"4137109\" data-element_type=\"widget\" data-widget_type=\"heading.default\">\n<div class=\"elementor-widget-container\">\n<h3 class=\"elementor-heading-title elementor-size-default\"><b>Gerberas<\/b><\/h3>\n<\/p>\n<\/div>\n<\/div>\n<div class=\"elementor-element elementor-element-39c6197 elementor-widget elementor-widget-image\" data-id=\"39c6197\" data-element_type=\"widget\" data-widget_type=\"image.default\">\n<div class=\"elementor-widget-container\">\n<div class=\"elementor-image\">\n                            <img decoding=\"async\" src=\"https:\/\/floresnavarro.nearwebs.com\/blog\/wp-content\/uploads\/2025\/11\/gerberas-para-invierno-2.jpg\" loading=\"lazy\" alt=\"gerberas\" title=\"flor gerbera varios colores\" width=\"659\" height=\"659\">                                <\/div>\n<\/p>\n<\/div>\n<\/div>\n<div class=\"elementor-element elementor-element-ba50b1d elementor-widget elementor-widget-text-editor\" data-id=\"ba50b1d\" data-element_type=\"widget\" data-widget_type=\"text-editor.default\">\n<div class=\"elementor-widget-container\">\n<div class=\"elementor-text-editor elementor-clearfix\">\n<p style=\"color: #111;\"><span color=\"#111111\">Las gerberas son conocidas por sus <strong>colores vibrantes y su aspecto alegre.<\/strong> Estas bonitas flores son perfectas para <strong>agregar vitalidad y energ\u00eda<\/strong> <strong>a la decoraci\u00f3n de invierno<\/strong> y pueden utilizarse en arreglos mixtos o en solitario para un impacto visual audaz.<\/span><\/p>\n<\/div>\n<\/div>\n<\/div>\n<div class=\"elementor-element elementor-element-1ec51b3 elementor-widget elementor-widget-heading\" data-id=\"1ec51b3\" data-element_type=\"widget\" data-widget_type=\"heading.default\">\n<div class=\"elementor-widget-container\">\n<h3 class=\"elementor-heading-title elementor-size-default\"><b>Compra las Gerberas perfectas:<\/b><\/h3>\n<\/p>\n<\/div>\n<\/div>\n<div class=\"elementor-element elementor-element-ca3b7ed elementor-atc--align-justify elementor-widget elementor-widget-product-grid\" data-id=\"ca3b7ed\" data-element_type=\"widget\" data-widget_type=\"product-grid.default\">\n<div class=\"elementor-widget-container\">\n<div class=\"elementor-product-grid\">\n<div class=\"col-12 product-card\" data-id=\"101097\" data-random=\"{p_random}\" data-image-number=\"2\" data-auto-text=\"False\">\n<div class=\"product-media\">\n                <button class=\"product-wish wish\" onclick=\"ProductoFavoritoRelated(this);\" data-id=\"101097\" tabindex=\"0\"><br \/>\n                        <i class=\"far fa-heart\"><\/i><br \/>\n                <\/button><br \/>\n                <a class=\"product-image\" href=\"\/flores-invierno\/jarron-de-gerberas\" tabindex=\"0\"><br \/>\n                    <img decoding=\"async\" class=\"col-6\" src=\"https:\/\/floresnavarro.nearwebs.com\/blog\/wp-content\/uploads\/2025\/11\/jarron-de-gerberas-1-2.webp\" alt=\"product\" loading=\"lazy\"><br \/>\n                    <img decoding=\"async\" class=\"col-6\" src=\"https:\/\/floresnavarro.nearwebs.com\/blog\/wp-content\/uploads\/2025\/11\/jarron-de-gerberas-2-2.webp\" alt=\"product\" loading=\"lazy\"><br \/>\n                <\/a>\n            <\/div>\n<div class=\"product-content\">\n                <input id=\"product_measure_101097\" type=\"hidden\" value=\"0\" tabindex=\"0\"><br \/>\n                <input type=\"hidden\" value=\"0\" id=\"div-qte-active\" tabindex=\"0\"><br \/>\n                <input type=\"hidden\" value=\"1\" id=\"div-format-active\" tabindex=\"0\"><br \/>\n                <input class=\"action-input\" title=\"Quantity Number\" type=\"hidden\" name=\"quantity\" value=\"1\" id=\"qte-product-101097\" onchange=\"ChangeQteProductRelated(101097, 0);\" tabindex=\"0\"><\/p>\n<div class=\"product-card-button\" id=\"div-add-101097\">\n                    <button class=\"shop-widget-btn btn-carrito-add\" tabindex=\"0\" onclick=\"AddProductWithQteAndFormat(101097, document.getElementById('qte-product-101097').value, document.getElementById('product_measure_101097').value);\"><br \/>\n                        <span>Jarr\u00f3n de gerberas<\/span><br \/>\n                    <\/button>\n                <\/div>\n<p>                <span class=\"product-blog-admin\" data-id=\"101097\"><\/span>\n            <\/div>\n<\/p>\n<\/div>\n<div class=\"col-12 product-card\" data-id=\"101098\" data-random=\"{p_random}\" data-image-number=\"2\" data-auto-text=\"False\">\n<div class=\"product-media\">\n                <button class=\"product-wish wish\" onclick=\"ProductoFavoritoRelated(this);\" data-id=\"101098\" tabindex=\"0\"><br \/>\n                        <i class=\"far fa-heart\"><\/i><br \/>\n                <\/button><br \/>\n                <a class=\"product-image\" href=\"\/flores-invierno\/jarron-invernal-variado\" tabindex=\"0\"><br \/>\n                    <img decoding=\"async\" class=\"col-6\" src=\"https:\/\/floresnavarro.nearwebs.com\/blog\/wp-content\/uploads\/2025\/11\/jarron-invernal-variado-2-3.webp\" alt=\"product\" loading=\"lazy\"><br \/>\n                    <img decoding=\"async\" class=\"col-6\" src=\"https:\/\/floresnavarro.nearwebs.com\/blog\/wp-content\/uploads\/2025\/11\/jarron-invernal-variado-1-2.webp\" alt=\"product\" loading=\"lazy\"><br \/>\n                <\/a>\n            <\/div>\n<div class=\"product-content\">\n                <input id=\"product_measure_101098\" type=\"hidden\" value=\"0\" tabindex=\"0\"><br \/>\n                <input type=\"hidden\" value=\"0\" id=\"div-qte-active\" tabindex=\"0\"><br \/>\n                <input type=\"hidden\" value=\"1\" id=\"div-format-active\" tabindex=\"0\"><br \/>\n                <input class=\"action-input\" title=\"Quantity Number\" type=\"hidden\" name=\"quantity\" value=\"1\" id=\"qte-product-101098\" onchange=\"ChangeQteProductRelated(101098, 0);\" tabindex=\"0\"><\/p>\n<div class=\"product-card-button\" id=\"div-add-101098\">\n                    <button class=\"shop-widget-btn btn-carrito-add\" tabindex=\"0\" onclick=\"AddProductWithQteAndFormat(101098, document.getElementById('qte-product-101098').value, document.getElementById('product_measure_101098').value);\"><br \/>\n                        <span>Jarr\u00f3n invernal variado<\/span><br \/>\n                    <\/button>\n                <\/div>\n<p>                <span class=\"product-blog-admin\" data-id=\"101098\"><\/span>\n            <\/div>\n<\/p>\n<\/div>\n<\/div>\n<\/div>\n<\/div>\n<\/div>\n<\/div>\n<\/div>\n<\/div>\n<\/div>\n<\/section>\n<section class=\"elementor-element elementor-element-8119c6c elementor-section-boxed elementor-section-height-default elementor-section-height-default elementor-section elementor-top-section\" data-id=\"8119c6c\" data-element_type=\"section\" data-settings='{\"background_background\":\"classic\"}'>\n<div class=\"elementor-container elementor-column-gap-default\">\n<div class=\"elementor-row\">\n<div class=\"elementor-element elementor-element-c60c1c7 elementor-column elementor-col-100 elementor-top-column\" data-id=\"c60c1c7\" data-element_type=\"column\">\n<div class=\"elementor-column-wrap elementor-element-populated\">\n<div class=\"elementor-widget-wrap\">\n<div class=\"elementor-element elementor-element-73432f6 elementor-widget elementor-widget-heading\" data-id=\"73432f6\" data-element_type=\"widget\" data-widget_type=\"heading.default\">\n<div class=\"elementor-widget-container\">\n<h3 class=\"elementor-heading-title elementor-size-default\"><b>Jacintos<\/b><\/h3>\n<\/p>\n<\/div>\n<\/div>\n<div class=\"elementor-element elementor-element-165a419 elementor-widget elementor-widget-image\" data-id=\"165a419\" data-element_type=\"widget\" data-widget_type=\"image.default\">\n<div class=\"elementor-widget-container\">\n<div class=\"elementor-image\">\n                            <img decoding=\"async\" src=\"https:\/\/floresnavarro.nearwebs.com\/blog\/wp-content\/uploads\/2025\/11\/jacintos-temporada-invierno-2.jpg\" loading=\"lazy\" alt=\"jacintos en maceta de ceramica\" title=\"jacinto \" width=\"659\" height=\"659\">                                <\/div>\n<\/p>\n<\/div>\n<\/div>\n<div class=\"elementor-element elementor-element-9753ab3 elementor-widget elementor-widget-text-editor\" data-id=\"9753ab3\" data-element_type=\"widget\" data-widget_type=\"text-editor.default\">\n<div class=\"elementor-widget-container\">\n<div class=\"elementor-text-editor elementor-clearfix\">\n<p style=\"color: #111;\"><span color=\"#111111\">Los jacintos son apreciados por su <strong>fragancia embriagadora<\/strong> y sus racimos de flores exquisitas, existen en varios tonos que van desde el blanco hasta el azul.\u00a0<\/span><\/p>\n<p style=\"color: #111;\"><span color=\"#111111\">Los jacintos son ideales <strong>para perfumar sutilmente cualquier habitaci\u00f3n<\/strong>.<\/span><\/p>\n<\/div>\n<\/div>\n<\/div>\n<div class=\"elementor-element elementor-element-f59580e elementor-widget elementor-widget-heading\" data-id=\"f59580e\" data-element_type=\"widget\" data-widget_type=\"heading.default\">\n<div class=\"elementor-widget-container\">\n<h3 class=\"elementor-heading-title elementor-size-default\"><b>Compra los Jacintos perfectos:<\/b><\/h3>\n<\/p>\n<\/div>\n<\/div>\n<div class=\"elementor-element elementor-element-69d2121 elementor-atc--align-justify elementor-widget elementor-widget-product-grid\" data-id=\"69d2121\" data-element_type=\"widget\" data-widget_type=\"product-grid.default\">\n<div class=\"elementor-widget-container\">\n<div class=\"elementor-product-grid\">\n<div class=\"col-12 product-card\" data-id=\"101096\" data-random=\"{p_random}\" data-image-number=\"2\" data-auto-text=\"False\">\n<div class=\"product-media\">\n                <button class=\"product-wish wish\" onclick=\"ProductoFavoritoRelated(this);\" data-id=\"101096\" tabindex=\"0\"><br \/>\n                        <i class=\"far fa-heart\"><\/i><br \/>\n                <\/button><br \/>\n                <a class=\"product-image\" href=\"\/flores-invierno\/composicion-de-jacintos\" tabindex=\"0\"><br \/>\n                    <img decoding=\"async\" class=\"col-6\" src=\"https:\/\/floresnavarro.nearwebs.com\/blog\/wp-content\/uploads\/2025\/11\/composicion-de-jacintos-1-2.webp\" alt=\"product\" loading=\"lazy\"><br \/>\n                    <img decoding=\"async\" class=\"col-6\" src=\"https:\/\/floresnavarro.nearwebs.com\/blog\/wp-content\/uploads\/2025\/11\/composicion-de-jacintos-2-2.webp\" alt=\"product\" loading=\"lazy\"><br \/>\n                <\/a>\n            <\/div>\n<div class=\"product-content\">\n                <input id=\"product_measure_101096\" type=\"hidden\" value=\"0\" tabindex=\"0\"><br \/>\n                <input type=\"hidden\" value=\"0\" id=\"div-qte-active\" tabindex=\"0\"><br \/>\n                <input type=\"hidden\" value=\"1\" id=\"div-format-active\" tabindex=\"0\"><br \/>\n                <input class=\"action-input\" title=\"Quantity Number\" type=\"hidden\" name=\"quantity\" value=\"1\" id=\"qte-product-101096\" onchange=\"ChangeQteProductRelated(101096, 0);\" tabindex=\"0\"><\/p>\n<div class=\"product-card-button\" id=\"div-add-101096\">\n                    <button class=\"shop-widget-btn btn-carrito-add\" tabindex=\"0\" onclick=\"AddProductWithQteAndFormat(101096, document.getElementById('qte-product-101096').value, document.getElementById('product_measure_101096').value);\"><br \/>\n                        <span>Composici\u00f3n de jacintos<\/span><br \/>\n                    <\/button>\n                <\/div>\n<p>                <span class=\"product-blog-admin\" data-id=\"101096\"><\/span>\n            <\/div>\n<\/p>\n<\/div>\n<\/div>\n<\/div>\n<\/div>\n<\/div>\n<\/div>\n<\/div>\n<\/div>\n<\/div>\n<\/section>\n<section class=\"elementor-element elementor-element-e65a52a elementor-section-boxed elementor-section-height-default elementor-section-height-default elementor-section elementor-top-section\" data-id=\"e65a52a\" data-element_type=\"section\" data-settings='{\"background_background\":\"classic\"}'>\n<div class=\"elementor-container elementor-column-gap-default\">\n<div class=\"elementor-row\">\n<div class=\"elementor-element elementor-element-63a9a86 elementor-column elementor-col-100 elementor-top-column\" data-id=\"63a9a86\" data-element_type=\"column\">\n<div class=\"elementor-column-wrap elementor-element-populated\">\n<div class=\"elementor-widget-wrap\">\n<div class=\"elementor-element elementor-element-306a929 elementor-widget elementor-widget-heading\" data-id=\"306a929\" data-element_type=\"widget\" data-widget_type=\"heading.default\">\n<div class=\"elementor-widget-container\">\n<h3 class=\"elementor-heading-title elementor-size-default\"><b>Iris<\/b><\/h3>\n<\/p>\n<\/div>\n<\/div>\n<div class=\"elementor-element elementor-element-aa4fb40 elementor-widget elementor-widget-image\" data-id=\"aa4fb40\" data-element_type=\"widget\" data-widget_type=\"image.default\">\n<div class=\"elementor-widget-container\">\n<div class=\"elementor-image\">\n                            <img decoding=\"async\" src=\"https:\/\/floresnavarro.nearwebs.com\/blog\/wp-content\/uploads\/2025\/11\/flores-iris-color-purpura-2.jpg\" loading=\"lazy\" alt=\"flor iris\" title=\"iris flor\" width=\"1000\" height=\"708\">                                <\/div>\n<\/p>\n<\/div>\n<\/div>\n<div class=\"elementor-element elementor-element-64fdcc0 elementor-widget elementor-widget-text-editor\" data-id=\"64fdcc0\" data-element_type=\"widget\" data-widget_type=\"text-editor.default\">\n<div class=\"elementor-widget-container\">\n<div class=\"elementor-text-editor elementor-clearfix\">\n<p style=\"color: #111;\"><span color=\"#111111\">Los iris se destacan por sus p\u00e9talos exquisitos y su forma \u00fanica, son ideales para <strong>agregar un estilo art\u00edstico<\/strong> a los arreglos florales de invierno.\u00a0<\/span><\/p>\n<p style=\"color: #111;\"><span color=\"#111111\">Adem\u00e1s, combinados con otras flores de la temporada <strong>crean composiciones equilibradas y visualmente atractivas<\/strong> para cualquier rinc\u00f3n de tu hogar.<\/span><\/p>\n<\/div>\n<\/div>\n<\/div>\n<div class=\"elementor-element elementor-element-3e8335e elementor-widget elementor-widget-heading\" data-id=\"3e8335e\" data-element_type=\"widget\" data-widget_type=\"heading.default\">\n<div class=\"elementor-widget-container\">\n<h3 class=\"elementor-heading-title elementor-size-default\"><b>Compra el Iris perfecto:<\/b><\/h3>\n<\/p>\n<\/div>\n<\/div>\n<div class=\"elementor-element elementor-element-4860ba2 elementor-atc--align-justify elementor-widget elementor-widget-product-grid\" data-id=\"4860ba2\" data-element_type=\"widget\" data-widget_type=\"product-grid.default\">\n<div class=\"elementor-widget-container\">\n<div class=\"elementor-product-grid\">\n<div class=\"col-12 product-card\" data-id=\"101101\" data-random=\"{p_random}\" data-image-number=\"2\" data-auto-text=\"False\">\n<div class=\"product-media\">\n                <button class=\"product-wish wish\" onclick=\"ProductoFavoritoRelated(this);\" data-id=\"101101\" tabindex=\"0\"><br \/>\n                        <i class=\"far fa-heart\"><\/i><br \/>\n                <\/button><br \/>\n                <a class=\"product-image\" href=\"\/flores-invierno\/ramo-tricolor\" tabindex=\"0\"><br \/>\n                    <img decoding=\"async\" class=\"col-6\" src=\"https:\/\/floresnavarro.nearwebs.com\/blog\/wp-content\/uploads\/2025\/11\/ramo-tricolor-2-2.webp\" alt=\"product\" loading=\"lazy\"><br \/>\n                    <img decoding=\"async\" class=\"col-6\" src=\"https:\/\/floresnavarro.nearwebs.com\/blog\/wp-content\/uploads\/2025\/11\/ramo-tricolor-1-2.webp\" alt=\"product\" loading=\"lazy\"><br \/>\n                <\/a>\n            <\/div>\n<div class=\"product-content\">\n                <input id=\"product_measure_101101\" type=\"hidden\" value=\"0\" tabindex=\"0\"><br \/>\n                <input type=\"hidden\" value=\"0\" id=\"div-qte-active\" tabindex=\"0\"><br \/>\n                <input type=\"hidden\" value=\"1\" id=\"div-format-active\" tabindex=\"0\"><br \/>\n                <input class=\"action-input\" title=\"Quantity Number\" type=\"hidden\" name=\"quantity\" value=\"1\" id=\"qte-product-101101\" onchange=\"ChangeQteProductRelated(101101, 0);\" tabindex=\"0\"><\/p>\n<div class=\"product-card-button\" id=\"div-add-101101\">\n                    <button class=\"shop-widget-btn btn-carrito-add\" tabindex=\"0\" onclick=\"AddProductWithQteAndFormat(101101, document.getElementById('qte-product-101101').value, document.getElementById('product_measure_101101').value);\"><br \/>\n                        <span>Ramo tricolor<\/span><br \/>\n                    <\/button>\n                <\/div>\n<p>                <span class=\"product-blog-admin\" data-id=\"101101\"><\/span>\n            <\/div>\n<\/p>\n<\/div>\n<\/div>\n<\/div>\n<\/div>\n<\/div>\n<\/div>\n<\/div>\n<\/div>\n<\/div>\n<\/section>\n<section class=\"elementor-element elementor-element-0346f9d elementor-section-boxed elementor-section-height-default elementor-section-height-default elementor-section elementor-top-section\" data-id=\"0346f9d\" data-element_type=\"section\" data-settings='{\"background_background\":\"classic\"}'>\n<div class=\"elementor-container elementor-column-gap-default\">\n<div class=\"elementor-row\">\n<div class=\"elementor-element elementor-element-6008f7e elementor-column elementor-col-100 elementor-top-column\" data-id=\"6008f7e\" data-element_type=\"column\">\n<div class=\"elementor-column-wrap elementor-element-populated\">\n<div class=\"elementor-widget-wrap\">\n<div class=\"elementor-element elementor-element-7bbef9f elementor-widget elementor-widget-heading\" data-id=\"7bbef9f\" data-element_type=\"widget\" data-widget_type=\"heading.default\">\n<div class=\"elementor-widget-container\">\n<h3 class=\"elementor-heading-title elementor-size-default\"><b>Margaritas<\/b><\/h3>\n<\/p>\n<\/div>\n<\/div>\n<div class=\"elementor-element elementor-element-d4aed9e elementor-widget elementor-widget-image\" data-id=\"d4aed9e\" data-element_type=\"widget\" data-widget_type=\"image.default\">\n<div class=\"elementor-widget-container\">\n<div class=\"elementor-image\">\n                            <img decoding=\"async\" src=\"https:\/\/floresnavarro.nearwebs.com\/blog\/wp-content\/uploads\/2025\/11\/Margarita-lila-2.jpg\" loading=\"lazy\" alt=\"margaritas lilas\" title=\"margaritas\" width=\"600\" height=\"600\">                                <\/div>\n<\/p>\n<\/div>\n<\/div>\n<div class=\"elementor-element elementor-element-4cf77bb elementor-widget elementor-widget-text-editor\" data-id=\"4cf77bb\" data-element_type=\"widget\" data-widget_type=\"text-editor.default\">\n<div class=\"elementor-widget-container\">\n<div class=\"elementor-text-editor elementor-clearfix\">\n<p style=\"color: #111;\"><span color=\"#111111\">Las margaritas son la elecci\u00f3n perfecta para <strong>aportar frescura y simplicidad<\/strong> a la decoraci\u00f3n invernal en tu hogar asegur\u00e1ndote de que su presencia alegre, <strong>ilumine tu espacio durante los d\u00edas m\u00e1s fr\u00edos del invierno.<\/strong><\/span><\/p>\n<\/div>\n<\/div>\n<\/div>\n<div class=\"elementor-element elementor-element-a8d7a5c elementor-widget elementor-widget-heading\" data-id=\"a8d7a5c\" data-element_type=\"widget\" data-widget_type=\"heading.default\">\n<div class=\"elementor-widget-container\">\n<h3 class=\"elementor-heading-title elementor-size-default\"><b>Compra las Margaritas perfectas:<\/b><\/h3>\n<\/p>\n<\/div>\n<\/div>\n<div class=\"elementor-element elementor-element-efb753d elementor-atc--align-justify elementor-widget elementor-widget-product-grid\" data-id=\"efb753d\" data-element_type=\"widget\" data-widget_type=\"product-grid.default\">\n<div class=\"elementor-widget-container\">\n<div class=\"elementor-product-grid\">\n<div class=\"col-12 product-card\" data-id=\"101094\" data-random=\"{p_random}\" data-image-number=\"2\" data-auto-text=\"False\">\n<div class=\"product-media\">\n                <button class=\"product-wish wish\" onclick=\"ProductoFavoritoRelated(this);\" data-id=\"101094\" tabindex=\"0\"><br \/>\n                        <i class=\"far fa-heart\"><\/i><br \/>\n                <\/button><br \/>\n                <a class=\"product-image\" href=\"\/flores-invierno\/bouquet-exotico\" tabindex=\"0\"><br \/>\n                    <img decoding=\"async\" class=\"col-6\" src=\"https:\/\/floresnavarro.nearwebs.com\/blog\/wp-content\/uploads\/2025\/11\/bouquet-exotico-1-2.webp\" alt=\"product\" loading=\"lazy\"><br \/>\n                    <img decoding=\"async\" class=\"col-6\" src=\"https:\/\/floresnavarro.nearwebs.com\/blog\/wp-content\/uploads\/2025\/11\/bouquet-exotico-2-2.webp\" alt=\"product\" loading=\"lazy\"><br \/>\n                <\/a>\n            <\/div>\n<div class=\"product-content\">\n                <input id=\"product_measure_101094\" type=\"hidden\" value=\"0\" tabindex=\"0\"><br \/>\n                <input type=\"hidden\" value=\"0\" id=\"div-qte-active\" tabindex=\"0\"><br \/>\n                <input type=\"hidden\" value=\"1\" id=\"div-format-active\" tabindex=\"0\"><br \/>\n                <input class=\"action-input\" title=\"Quantity Number\" type=\"hidden\" name=\"quantity\" value=\"1\" id=\"qte-product-101094\" onchange=\"ChangeQteProductRelated(101094, 0);\" tabindex=\"0\"><\/p>\n<div class=\"product-card-button\" id=\"div-add-101094\">\n                    <button class=\"shop-widget-btn btn-carrito-add\" tabindex=\"0\" onclick=\"AddProductWithQteAndFormat(101094, document.getElementById('qte-product-101094').value, document.getElementById('product_measure_101094').value);\"><br \/>\n                        <span>Bouquet ex\u00f3tico<\/span><br \/>\n                    <\/button>\n                <\/div>\n<p>                <span class=\"product-blog-admin\" data-id=\"101094\"><\/span>\n            <\/div>\n<\/p>\n<\/div>\n<div class=\"col-12 product-card\" data-id=\"101098\" data-random=\"{p_random}\" data-image-number=\"2\" data-auto-text=\"False\">\n<div class=\"product-media\">\n                <button class=\"product-wish wish\" onclick=\"ProductoFavoritoRelated(this);\" data-id=\"101098\" tabindex=\"0\"><br \/>\n                        <i class=\"far fa-heart\"><\/i><br \/>\n                <\/button><br \/>\n                <a class=\"product-image\" href=\"\/flores-invierno\/jarron-invernal-variado\" tabindex=\"0\"><br \/>\n                    <img decoding=\"async\" class=\"col-6\" src=\"https:\/\/floresnavarro.nearwebs.com\/blog\/wp-content\/uploads\/2025\/11\/jarron-invernal-variado-2-3.webp\" alt=\"product\" loading=\"lazy\"><br \/>\n                    <img decoding=\"async\" class=\"col-6\" src=\"https:\/\/floresnavarro.nearwebs.com\/blog\/wp-content\/uploads\/2025\/11\/jarron-invernal-variado-1-2.webp\" alt=\"product\" loading=\"lazy\"><br \/>\n                <\/a>\n            <\/div>\n<div class=\"product-content\">\n                <input id=\"product_measure_101098\" type=\"hidden\" value=\"0\" tabindex=\"0\"><br \/>\n                <input type=\"hidden\" value=\"0\" id=\"div-qte-active\" tabindex=\"0\"><br \/>\n                <input type=\"hidden\" value=\"1\" id=\"div-format-active\" tabindex=\"0\"><br \/>\n                <input class=\"action-input\" title=\"Quantity Number\" type=\"hidden\" name=\"quantity\" value=\"1\" id=\"qte-product-101098\" onchange=\"ChangeQteProductRelated(101098, 0);\" tabindex=\"0\"><\/p>\n<div class=\"product-card-button\" id=\"div-add-101098\">\n                    <button class=\"shop-widget-btn btn-carrito-add\" tabindex=\"0\" onclick=\"AddProductWithQteAndFormat(101098, document.getElementById('qte-product-101098').value, document.getElementById('product_measure_101098').value);\"><br \/>\n                        <span>Jarr\u00f3n invernal variado<\/span><br \/>\n                    <\/button>\n                <\/div>\n<p>                <span class=\"product-blog-admin\" data-id=\"101098\"><\/span>\n            <\/div>\n<\/p>\n<\/div>\n<\/div>\n<\/div>\n<\/div>\n<div class=\"elementor-element elementor-element-c1aeb8b elementor-widget elementor-widget-text-editor\" data-id=\"c1aeb8b\" data-element_type=\"widget\" data-widget_type=\"text-editor.default\">\n<div class=\"elementor-widget-container\">\n<div class=\"elementor-text-editor elementor-clearfix\">\n<p style=\"color: #111;\"><span color=\"#111111\">Adem\u00e1s, de que\u00a0<span>estas flores de invierno embellecen tu hogar<\/span> durante los d\u00edas grises y de fr\u00edo, ofrecen<strong> la oportunidad de expresar tu estilo personal<\/strong> a trav\u00e9s de la decoraci\u00f3n floral.\u00a0<\/span><\/p>\n<p style=\"color: #111;\"><span color=\"#111111\">Decora de manera creativa para qu\u00e9 los arreglos \u00fanicos iluminen y transformen tu hogar durante la temporada invernal.<\/span><\/p>\n<\/div>\n<\/div>\n<\/div>\n<\/div>\n<\/div>\n<\/div>\n<\/div>\n<\/div>\n<\/section>\n<section class=\"elementor-element elementor-element-eb4fb18 elementor-section-boxed elementor-section-height-default elementor-section-height-default elementor-section elementor-top-section\" data-id=\"eb4fb18\" data-element_type=\"section\" data-settings='{\"background_background\":\"classic\"}'>\n<div class=\"elementor-container elementor-column-gap-default\">\n<div class=\"elementor-row\">\n<div class=\"elementor-element elementor-element-e56854b elementor-column elementor-col-100 elementor-top-column\" data-id=\"e56854b\" data-element_type=\"column\">\n<div class=\"elementor-column-wrap elementor-element-populated\">\n<div class=\"elementor-widget-wrap\">\n<div class=\"elementor-element elementor-element-3a063c6 elementor-widget elementor-widget-heading\" data-id=\"3a063c6\" data-element_type=\"widget\" data-widget_type=\"heading.default\">\n<div class=\"elementor-widget-container\">\n<h2 class=\"elementor-heading-title elementor-size-default\">Ideas para decorar tu hogar con flores en invierno<\/h2>\n<\/p>\n<\/div>\n<\/div>\n<div class=\"elementor-element elementor-element-64aaa12 elementor-widget elementor-widget-image\" data-id=\"64aaa12\" data-element_type=\"widget\" data-widget_type=\"image.default\">\n<div class=\"elementor-widget-container\">\n<div class=\"elementor-image\">\n                            <img decoding=\"async\" src=\"https:\/\/floresnavarro.nearwebs.com\/blog\/wp-content\/uploads\/2025\/11\/ramo-tres-colores-2.jpg\" loading=\"lazy\" alt=\"ramo de flores tricolor\" title=\"ramo de rosa, iris y lilium\" width=\"659\" height=\"659\">                                <\/div>\n<\/p>\n<\/div>\n<\/div>\n<div class=\"elementor-element elementor-element-55d17d1 elementor-widget elementor-widget-text-editor\" data-id=\"55d17d1\" data-element_type=\"widget\" data-widget_type=\"text-editor.default\">\n<div class=\"elementor-widget-container\">\n<div class=\"elementor-text-editor elementor-clearfix\">\n<p style=\"color: #111;\"><span color=\"#111111\">Una vez que has elegido tus flores de invierno favoritas, <strong>es hora de incorporarlas a la decoraci\u00f3n de tu hogar.<\/strong> Aqu\u00ed te presentamos dos ideas creativas:<\/span><\/p>\n<\/div>\n<\/div>\n<\/div>\n<div class=\"elementor-element elementor-element-0650be4 elementor-widget elementor-widget-heading\" data-id=\"0650be4\" data-element_type=\"widget\" data-widget_type=\"heading.default\">\n<div class=\"elementor-widget-container\">\n<h3 class=\"elementor-heading-title elementor-size-default\"><b>Centros de mesa invernales<\/b><\/h3>\n<\/p>\n<\/div>\n<\/div>\n<div class=\"elementor-element elementor-element-4793543 elementor-widget elementor-widget-text-editor\" data-id=\"4793543\" data-element_type=\"widget\" data-widget_type=\"text-editor.default\">\n<div class=\"elementor-widget-container\">\n<div class=\"elementor-text-editor elementor-clearfix\">\n<p style=\"color: #111;\"><span color=\"#111111\">Coloca centros de mesa impresionantes utilizando flores invernales como los liliums o los tulipanes. <strong>Puedes agregar a la decoraci\u00f3n pi\u00f1as y velas<\/strong> para darle un estilo acogedor.<\/span><\/p>\n<\/div>\n<\/div>\n<\/div>\n<div class=\"elementor-element elementor-element-9e42800 elementor-widget elementor-widget-heading\" data-id=\"9e42800\" data-element_type=\"widget\" data-widget_type=\"heading.default\">\n<div class=\"elementor-widget-container\">\n<h3 class=\"elementor-heading-title elementor-size-default\"><b>Jarrones de invierno<\/b><\/h3>\n<\/p>\n<\/div>\n<\/div>\n<div class=\"elementor-element elementor-element-2256a20 elementor-widget elementor-widget-text-editor\" data-id=\"2256a20\" data-element_type=\"widget\" data-widget_type=\"text-editor.default\">\n<div class=\"elementor-widget-container\">\n<div class=\"elementor-text-editor elementor-clearfix\">\n<p style=\"color: #111;\"><span color=\"#111111\">Coloca flores de invierno en jarrones decorativos y distrib\u00fayelos por tu hogar.\u00a0<\/span><\/p>\n<p style=\"color: #111;\"><span color=\"#111111\"><strong>Opta por combinaciones de colores<\/strong> <strong>que complementen la paleta invernal<\/strong>, como blancos, rojos y verdes.<\/span><\/p>\n<\/div>\n<\/div>\n<\/div>\n<\/div>\n<\/div>\n<\/div>\n<\/div>\n<\/div>\n<\/section>\n<section class=\"elementor-element elementor-element-28d16e9 elementor-section-boxed elementor-section-height-default elementor-section-height-default elementor-section elementor-top-section\" data-id=\"28d16e9\" data-element_type=\"section\" data-settings='{\"background_background\":\"classic\"}'>\n<div class=\"elementor-container elementor-column-gap-default\">\n<div class=\"elementor-row\">\n<div class=\"elementor-element elementor-element-82cca57 elementor-column elementor-col-100 elementor-top-column\" data-id=\"82cca57\" data-element_type=\"column\">\n<div class=\"elementor-column-wrap elementor-element-populated\">\n<div class=\"elementor-widget-wrap\">\n<div class=\"elementor-element elementor-element-21ce3d1 elementor-widget elementor-widget-heading\" data-id=\"21ce3d1\" data-element_type=\"widget\" data-widget_type=\"heading.default\">\n<div class=\"elementor-widget-container\">\n<h2 class=\"elementor-heading-title elementor-size-default\">Consejos para cuidar las flores de invierno<\/h2>\n<\/p>\n<\/div>\n<\/div>\n<div class=\"elementor-element elementor-element-ae89484 elementor-widget elementor-widget-text-editor\" data-id=\"ae89484\" data-element_type=\"widget\" data-widget_type=\"text-editor.default\">\n<div class=\"elementor-widget-container\">\n<div class=\"elementor-text-editor elementor-clearfix\">\n<p style=\"color: #111;\"><span color=\"#111111\">Aseg\u00farate de que tus flores de invierno <strong>se mantengan frescas y hermosas<\/strong> siguiendo estos consejos de cuidado.<\/span><\/p>\n<p style=\"color: #111;\"><span color=\"#111111\">Primero, es importante\u00a0 <strong>mantener el jarr\u00f3n y el agua limpia<\/strong>, por lo que es recomendable hacer una limpieza a diario.<\/span><\/p>\n<p style=\"color: #111;\"><span color=\"#111111\">A continuaci\u00f3n, cada <strong>dos o tres d\u00edas<\/strong> tendremos que <strong>cortar 2 cm en diagonal<\/strong> en la parte inferior de cada tallo, de este modo <strong>facilitaremos la absorci\u00f3n del agua<\/strong> y evitaremos que cicatrice r\u00e1pidamente. Para hacerlo ser\u00e1 necesario usar unas tijeras de podar o, en caso de no disponer de ellas, un cuchillo. <strong>Nunca utilizaremos unas tijeras corrientes,<\/strong> ya que se aplastar\u00eda el tallo y limitar\u00eda la absorci\u00f3n.<\/span><\/p>\n<p style=\"color: #111;\"><span color=\"#111111\"><strong>El \u00faltimo truco<\/strong> que ayudar\u00e1 a conservar tu ramo por m\u00e1s tiempo es encontrar el sitio perfecto, el ramo necesitar\u00e1 de <strong>mucha luminosidad sin sol directo<\/strong> y evitando corrientes de aire, alejado tanto de fuentes de calor como de fr\u00edo.<\/span><\/p>\n<p style=\"color: #111;\"><span color=\"#111111\">Con estos cuidados y conociendo las flores de invierno,<strong> podr\u00e1s disfrutar de una decoraci\u00f3n floral <\/strong>vibrante y acogedora este invierno. En Flores Navarro, te invitamos a explorar<strong>\u00a0<span><a href=\"https:\/\/floresnavarro.com\/es\/153-flores-invierno\"><span>nuestra colecci\u00f3n de flores de invierno<\/span><\/a><\/span><\/strong> para dar vida a tu hogar en esta temporada. Decora con flores y transforma tu espacio en un rinc\u00f3n lleno de calidez y belleza. <\/span><\/p>\n<\/div>\n<\/div>\n<\/div>\n<\/div>\n<\/div>\n<\/div>\n<\/div>\n<\/div>\n<\/section>\n<section class=\"elementor-element elementor-element-1c5ac9c elementor-section-boxed elementor-section-height-default elementor-section-height-default elementor-section elementor-top-section\" data-id=\"1c5ac9c\" data-element_type=\"section\">\n<div class=\"elementor-container elementor-column-gap-default\">\n<div class=\"elementor-row\">\n<div class=\"elementor-element elementor-element-40bf247 elementor-column elementor-col-100 elementor-top-column\" data-id=\"40bf247\" data-element_type=\"column\">\n<div class=\"elementor-column-wrap elementor-element-populated\">\n<div class=\"elementor-widget-wrap\">\n<div class=\"elementor-element elementor-element-288918e elementor-shape-rounded elementor-widget elementor-widget-social-icons\" data-id=\"288918e\" data-element_type=\"widget\" data-widget_type=\"social-icons.default\">\n<div class=\"elementor-widget-container\">\n<div class=\"elementor-social-icons-wrapper\">\n                    <a class=\"icofont-facebook\" target=\"_blank\" href=\"https:\/\/www.facebook.com\/FloristeriasNavarro\/\"><\/a><br \/>\n                    <a class=\"icofont-instagram\" target=\"_blank\" href=\"https:\/\/www.instagram.com\/flores_navarro\/?hl=es\"><\/a>\n                <\/div>\n<\/p>\n<\/div>\n<\/div>\n<\/div>\n<\/div>\n<\/div>\n<\/div>\n<\/div>\n<\/section>\n","protected":false},"excerpt":{"rendered":"<p>El invierno trae consigo la brisa fr\u00eda, pero tambi\u00e9n la oportunidad de crear acogedoras decoraciones que transforman tu hogar en un refugio c\u00e1lido y encantador. Para nosotros las flores son la clave para a\u00f1adir un toque especial a esta temporada, por eso te invitamos a explorar las mejores ideas para\u00a0decorar tu espacio con flores durante [&hellip;]<\/p>\n","protected":false},"author":3,"featured_media":47082,"comment_status":"open","ping_status":"open","sticky":false,"template":"","format":"standard","meta":{"meta_title":"","meta_description":"","footnotes":""},"categories":[1],"tags":[],"class_list":["post-47107","post","type-post","status-publish","format-standard","has-post-thumbnail","hentry","category-sin-categoria"],"language":"es","_links":{"self":[{"href":"https:\/\/floresnavarro.com\/blog\/wp-json\/wp\/v2\/posts\/47107","targetHints":{"allow":["GET"]}}],"collection":[{"href":"https:\/\/floresnavarro.com\/blog\/wp-json\/wp\/v2\/posts"}],"about":[{"href":"https:\/\/floresnavarro.com\/blog\/wp-json\/wp\/v2\/types\/post"}],"author":[{"embeddable":true,"href":"https:\/\/floresnavarro.com\/blog\/wp-json\/wp\/v2\/users\/3"}],"replies":[{"embeddable":true,"href":"https:\/\/floresnavarro.com\/blog\/wp-json\/wp\/v2\/comments?post=47107"}],"version-history":[{"count":1,"href":"https:\/\/floresnavarro.com\/blog\/wp-json\/wp\/v2\/posts\/47107\/revisions"}],"predecessor-version":[{"id":49297,"href":"https:\/\/floresnavarro.com\/blog\/wp-json\/wp\/v2\/posts\/47107\/revisions\/49297"}],"wp:featuredmedia":[{"embeddable":true,"href":"https:\/\/floresnavarro.com\/blog\/wp-json\/wp\/v2\/media\/47082"}],"wp:attachment":[{"href":"https:\/\/floresnavarro.com\/blog\/wp-json\/wp\/v2\/media?parent=47107"}],"wp:term":[{"taxonomy":"category","embeddable":true,"href":"https:\/\/floresnavarro.com\/blog\/wp-json\/wp\/v2\/categories?post=47107"},{"taxonomy":"post_tag","embeddable":true,"href":"https:\/\/floresnavarro.com\/blog\/wp-json\/wp\/v2\/tags?post=47107"}],"curies":[{"name":"wp","href":"https:\/\/api.w.org\/{rel}","templated":true}]}}