{"id":46993,"date":"2025-11-07T03:14:13","date_gmt":"2025-11-07T02:14:13","guid":{"rendered":"https:\/\/floresnavarro.nearwebs.com\/blog\/8-plantas-que-mejoran-el-animo\/"},"modified":"2025-11-07T04:16:54","modified_gmt":"2025-11-07T03:16:54","slug":"8-plantas-que-mejoran-el-animo","status":"publish","type":"post","link":"https:\/\/floresnavarro.com\/blog\/8-plantas-que-mejoran-el-animo\/","title":{"rendered":"8 plantas que mejoran el \u00e1nimo"},"content":{"rendered":"<section class=\"elementor-element elementor-element-05f25b0 elementor-section-boxed elementor-section-height-default elementor-section-height-default elementor-section elementor-top-section\" data-id=\"05f25b0\" data-element_type=\"section\" data-settings='{\"background_background\":\"classic\"}'>\n<div class=\"elementor-container elementor-column-gap-default\">\n<div class=\"elementor-row\">\n<div class=\"elementor-element elementor-element-43e0051 elementor-column elementor-col-100 elementor-top-column\" data-id=\"43e0051\" data-element_type=\"column\">\n<div class=\"elementor-column-wrap elementor-element-populated\">\n<div class=\"elementor-widget-wrap\">\n<div class=\"elementor-element elementor-element-bb922ff elementor-widget elementor-widget-image\" data-id=\"bb922ff\" data-element_type=\"widget\" data-widget_type=\"image.default\">\n<div class=\"elementor-widget-container\">\n<div class=\"elementor-image\">\n                            <img decoding=\"async\" src=\"https:\/\/floresnavarro.nearwebs.com\/blog\/wp-content\/uploads\/2025\/11\/planta-absorven-calor-2.jpg\" alt=\"plantas que nos dan animo\" title=\"plantas con buenos beneficios \" width=\"600\" height=\"600\" fetchpriority=\"high\">                                <\/div>\n<\/p>\n<\/div>\n<\/div>\n<div class=\"elementor-element elementor-element-5e90034 elementor-widget elementor-widget-text-editor\" data-id=\"5e90034\" data-element_type=\"widget\" data-widget_type=\"text-editor.default\">\n<div class=\"elementor-widget-container\">\n<div class=\"elementor-text-editor elementor-clearfix\">\n<p style=\"color: #111;\"><span color=\"#111111\">Con el ritmo diario de nuestras vidas, <strong>el estr\u00e9s y las tensiones<\/strong> pueden arrojarnos <strong>a un estado de \u00e1nimo menos que \u00f3ptimo.<\/strong> Sin embargo, existe una <strong>soluci\u00f3n natural y armoniosa:<\/strong> la introducci\u00f3n de plantas para mejorar el \u00e1nimo en tu hogar\u00a0<span><strong><a href=\"https:\/\/floresnavarro.com\/es\/blog\/las-mejores-plantas-para-la-oficina-n78\"><span>o lugar de trabajo.<\/span><\/a><\/strong><\/span><\/span><\/p>\n<p style=\"color: #111;\"><span color=\"#111111\"><strong>El poder terap\u00e9utico de las plantas<\/strong> va m\u00e1s all\u00e1 de su belleza est\u00e9tica, muchas de ellas tienen el incre\u00edble don de <strong>elevar positivamente nuestra salud mental y emocional.<\/strong> Exploraremos algunas de las plantas recomendadas por sus beneficios que pueden marcar una diferencia significativa en tu bienestar emocional.\u00a0<\/span><\/p>\n<p style=\"color: #111;\"><span color=\"#111111\">Sum\u00e9rgete en este viaje verde que va m\u00e1s all\u00e1 de lo visual y descubre c\u00f3mo\u00a0<span><strong><a href=\"https:\/\/floresnavarro.com\/es\/94-plantas\"><span>la introducci\u00f3n de estas plantas<\/span><\/a><\/strong><\/span> puede ser la clave para elevar no solo la est\u00e9tica de tu entorno, sino tambi\u00e9n tu \u00e1nimo diario.<\/span><\/p>\n<\/div>\n<\/div>\n<\/div>\n<\/div>\n<\/div>\n<\/div>\n<\/div>\n<\/div>\n<\/section>\n<section class=\"elementor-element elementor-element-4d26d352 elementor-section-boxed elementor-section-height-default elementor-section-height-default elementor-section elementor-top-section\" data-id=\"4d26d352\" data-element_type=\"section\" data-settings='{\"background_background\":\"classic\"}'>\n<div class=\"elementor-container elementor-column-gap-default\">\n<div class=\"elementor-row\">\n<div class=\"elementor-element elementor-element-65581810 elementor-column elementor-col-100 elementor-top-column\" data-id=\"65581810\" data-element_type=\"column\">\n<div class=\"elementor-column-wrap elementor-element-populated\">\n<div class=\"elementor-widget-wrap\">\n<div class=\"elementor-element elementor-element-55abf5e elementor-widget elementor-widget-heading\" data-id=\"55abf5e\" data-element_type=\"widget\" data-widget_type=\"heading.default\">\n<div class=\"elementor-widget-container\">\n<h2 class=\"elementor-heading-title elementor-size-default\">Beneficios de las plantas para el estado de \u00e1nimo<\/h2>\n<\/p>\n<\/div>\n<\/div>\n<div class=\"elementor-element elementor-element-4191d71b elementor-widget elementor-widget-image\" data-id=\"4191d71b\" data-element_type=\"widget\" data-widget_type=\"image.default\">\n<div class=\"elementor-widget-container\">\n<div class=\"elementor-image\">\n                            <img decoding=\"async\" src=\"https:\/\/floresnavarro.nearwebs.com\/blog\/wp-content\/uploads\/2025\/11\/cuidando-plantas-casa-que-dan-animo-2.jpg\" loading=\"lazy\" alt=\"beneficios de las plantas en humanos\" title=\"beneficios positivos de las plantas\" width=\"1000\" height=\"667\">                                <\/div>\n<\/p>\n<\/div>\n<\/div>\n<div class=\"elementor-element elementor-element-48412902 elementor-widget elementor-widget-text-editor\" data-id=\"48412902\" data-element_type=\"widget\" data-widget_type=\"text-editor.default\">\n<div class=\"elementor-widget-container\">\n<div class=\"elementor-text-editor elementor-clearfix\">\n<p style=\"color: #111;\"><span color=\"#111111\">Antes de sumergirnos en la lista de plantas que pueden transformar tu hogar en un refugio de positividad, primero es esencial comprender <strong>los beneficios de las plantas que pueden aportar<\/strong> a nuestra salud mental y emocional, desde la purificaci\u00f3n del aire hasta la conexi\u00f3n con la naturaleza, estas maravillas verdes <strong>desempe\u00f1an un papel crucial en nuestro bienestar.<\/strong><\/span><\/p>\n<p style=\"color: #111;\"><span color=\"#111111\">Las plantas a trav\u00e9s de su proceso de fotos\u00edntesis <strong>liberan ox\u00edgeno<\/strong>, lo que <strong>contribuye a mejorar la calidad del aire<\/strong> en tu entorno. Este simple acto tiene efectos directos en la salud mental, proporcionando un impulso de energ\u00eda y claridad.\u00a0<\/span><\/p>\n<p style=\"color: #111;\"><span color=\"#111111\">El acto de\u00a0<span><strong><a href=\"https:\/\/floresnavarro.com\/es\/94-plantas\"><span>cuidar de las plantas<\/span><\/a><\/strong><\/span> fomenta la responsabilidad y la rutina, creando un <strong>espacio para la contemplaci\u00f3n y la relajaci\u00f3n.<\/strong> La conexi\u00f3n con la naturaleza, aunque sea a trav\u00e9s de peque\u00f1as macetas en tu ventana, ha demostrado que la presencia de plantas en el entorno puede reducir el estr\u00e9s, aumentar la concentraci\u00f3n y mejorar la calidad del aire. Estos beneficios <strong>combinados tienen un impacto positivo<\/strong> en nuestro bienestar general.<\/span><\/p>\n<p style=\"color: #111;\"><span color=\"#111111\">Adem\u00e1s, <strong>se convierte en una terapia<\/strong> en s\u00ed misma, <strong>ofreciendo momentos de calma y conexi\u00f3n con la naturaleza<\/strong>, incluso en el bullicio de la vida diaria. La observaci\u00f3n del florecimiento y crecimiento de las plantas que uno cuida puede ser un recordatorio tangible de la paciencia, la dedicaci\u00f3n y la recompensa que acompa\u00f1a a la atenci\u00f3n constante.<\/span><\/p>\n<\/div>\n<\/div>\n<\/div>\n<\/div>\n<\/div>\n<\/div>\n<\/div>\n<\/div>\n<\/section>\n<section class=\"elementor-element elementor-element-3035e48a elementor-section-boxed elementor-section-height-default elementor-section-height-default elementor-section elementor-top-section\" data-id=\"3035e48a\" data-element_type=\"section\" data-settings='{\"background_background\":\"classic\"}'>\n<div class=\"elementor-container elementor-column-gap-default\">\n<div class=\"elementor-row\">\n<div class=\"elementor-element elementor-element-779f9c6 elementor-column elementor-col-100 elementor-top-column\" data-id=\"779f9c6\" data-element_type=\"column\">\n<div class=\"elementor-column-wrap elementor-element-populated\">\n<div class=\"elementor-widget-wrap\">\n<div class=\"elementor-element elementor-element-516b775 elementor-widget elementor-widget-heading\" data-id=\"516b775\" data-element_type=\"widget\" data-widget_type=\"heading.default\">\n<div class=\"elementor-widget-container\">\n<h2 class=\"elementor-heading-title elementor-size-default\">\u00bfQu\u00e9 plantas suben el \u00e1nimo?<\/h2>\n<\/p>\n<\/div>\n<\/div>\n<div class=\"elementor-element elementor-element-53caf14 elementor-widget elementor-widget-image\" data-id=\"53caf14\" data-element_type=\"widget\" data-widget_type=\"image.default\">\n<div class=\"elementor-widget-container\">\n<div class=\"elementor-image\">\n                            <img decoding=\"async\" src=\"https:\/\/floresnavarro.nearwebs.com\/blog\/wp-content\/uploads\/2025\/11\/mujer-planta-interior-dentro-su-casa-2.jpg\" loading=\"lazy\" alt=\"mujer sosteniendo una planta\" title=\"plantas que suben el \u00e1nimo\" width=\"667\" height=\"1000\">                                <\/div>\n<\/p>\n<\/div>\n<\/div>\n<div class=\"elementor-element elementor-element-2189360 elementor-widget elementor-widget-text-editor\" data-id=\"2189360\" data-element_type=\"widget\" data-widget_type=\"text-editor.default\">\n<div class=\"elementor-widget-container\">\n<div class=\"elementor-text-editor elementor-clearfix\">\n<p style=\"color: #111;\"><span color=\"#111111\">A continuaci\u00f3n, te ofrecemos <strong>opciones de plantas para mejorar el \u00e1nimo<\/strong>, cada una con atributos \u00fanicos para contribuir a <strong>un ambiente positivo.\u00a0<\/strong><\/span><\/p>\n<\/div>\n<\/div>\n<\/div>\n<div class=\"elementor-element elementor-element-4bc2995 elementor-widget elementor-widget-heading\" data-id=\"4bc2995\" data-element_type=\"widget\" data-widget_type=\"heading.default\">\n<div class=\"elementor-widget-container\">\n<h3 class=\"elementor-heading-title elementor-size-default\"><b>Lavanda<\/b><\/h3>\n<\/p>\n<\/div>\n<\/div>\n<div class=\"elementor-element elementor-element-627fc69 elementor-widget elementor-widget-image\" data-id=\"627fc69\" data-element_type=\"widget\" data-widget_type=\"image.default\">\n<div class=\"elementor-widget-container\">\n<div class=\"elementor-image\">\n                            <img decoding=\"async\" src=\"https:\/\/floresnavarro.nearwebs.com\/blog\/wp-content\/uploads\/2025\/11\/primer-plano-disparo-vertical-lavanda-4.jpg\" loading=\"lazy\" alt=\"planta lavanda \" title=\"lavanda color morada\" width=\"600\" height=\"600\">                                <\/div>\n<\/p>\n<\/div>\n<\/div>\n<div class=\"elementor-element elementor-element-a14d227 elementor-widget elementor-widget-text-editor\" data-id=\"a14d227\" data-element_type=\"widget\" data-widget_type=\"text-editor.default\">\n<div class=\"elementor-widget-container\">\n<div class=\"elementor-text-editor elementor-clearfix\">\n<p style=\"color: #111;\"><span color=\"#111111\">La lavanda es conocida por su <strong>aroma relajante<\/strong> que puede ayudar a<strong> reducir el estr\u00e9s<\/strong> y promover un ambiente tranquilo. Adem\u00e1s, se ha demostrado que el olor a lavanda <strong>tiene efectos positivos en la calidad del sue\u00f1o<\/strong>, lo que contribuye a un mejor estado de \u00e1nimo y bienestar general.<\/span><\/p>\n<\/div>\n<\/div>\n<\/div>\n<div class=\"elementor-element elementor-element-32d58a2f elementor-widget elementor-widget-heading\" data-id=\"32d58a2f\" data-element_type=\"widget\" data-widget_type=\"heading.default\">\n<div class=\"elementor-widget-container\">\n<h3 class=\"elementor-heading-title elementor-size-default\"><b>Compra la Lavanda perfecta:<\/b><\/h3>\n<\/p>\n<\/div>\n<\/div>\n<div class=\"elementor-element elementor-element-68b26a8c elementor-widget elementor-widget-product-grid\" data-id=\"68b26a8c\" data-element_type=\"widget\" data-widget_type=\"product-grid.default\">\n<div class=\"elementor-widget-container\">\n<div class=\"elementor-product-grid\">\n<div class=\"col-12 product-card\" data-id=\"100038\" data-random=\"{p_random}\" data-image-number=\"2\" data-auto-text=\"False\">\n<div class=\"product-media\">\n                <button class=\"product-wish wish\" onclick=\"ProductoFavoritoRelated(this);\" data-id=\"100038\" tabindex=\"0\"><br \/>\n                        <i class=\"far fa-heart\"><\/i><br \/>\n                <\/button><br \/>\n                <a class=\"product-image\" href=\"\/plantas\/lavanda\" tabindex=\"0\"><br \/>\n                    <img decoding=\"async\" class=\"col-6\" src=\"https:\/\/floresnavarro.nearwebs.com\/blog\/wp-content\/uploads\/2025\/11\/lavanda-1-2.webp\" alt=\"product\" loading=\"lazy\"><br \/>\n                    <img decoding=\"async\" class=\"col-6\" src=\"https:\/\/floresnavarro.nearwebs.com\/blog\/wp-content\/uploads\/2025\/11\/lavanda-2-2.webp\" alt=\"product\" loading=\"lazy\"><br \/>\n                <\/a>\n            <\/div>\n<div class=\"product-content\">\n                <input id=\"product_measure_100038\" type=\"hidden\" value=\"0\" tabindex=\"0\"><br \/>\n                <input type=\"hidden\" value=\"0\" id=\"div-qte-active\" tabindex=\"0\"><br \/>\n                <input type=\"hidden\" value=\"1\" id=\"div-format-active\" tabindex=\"0\"><br \/>\n                <input class=\"action-input\" title=\"Quantity Number\" type=\"hidden\" name=\"quantity\" value=\"1\" id=\"qte-product-100038\" onchange=\"ChangeQteProductRelated(100038, 0);\" tabindex=\"0\"><\/p>\n<div class=\"product-card-button\" id=\"div-add-100038\">\n                    <button class=\"shop-widget-btn btn-carrito-add\" tabindex=\"0\" onclick=\"AddProductWithQteAndFormat(100038, document.getElementById('qte-product-100038').value, document.getElementById('product_measure_100038').value);\"><br \/>\n                        <span>Lavanda<\/span><br \/>\n                    <\/button>\n                <\/div>\n<p>                <span class=\"product-blog-admin\" data-id=\"100038\"><\/span>\n            <\/div>\n<\/p>\n<\/div>\n<div class=\"col-12 product-card\" data-id=\"100680\" data-random=\"{p_random}\" data-image-number=\"2\" data-auto-text=\"False\">\n<div class=\"product-media\">\n                <button class=\"product-wish wish\" onclick=\"ProductoFavoritoRelated(this);\" data-id=\"100680\" tabindex=\"0\"><br \/>\n                        <i class=\"far fa-heart\"><\/i><br \/>\n                <\/button><br \/>\n                <a class=\"product-image\" href=\"\/flores\/ramo-de-mimosalavanda-y-magnolia\" tabindex=\"0\"><br \/>\n                    <img decoding=\"async\" class=\"col-6\" src=\"https:\/\/floresnavarro.nearwebs.com\/blog\/wp-content\/uploads\/2025\/11\/ramo-de-mimosalavanda-y-magnolia-3-2.webp\" alt=\"product\" loading=\"lazy\"><br \/>\n                    <img decoding=\"async\" class=\"col-6\" src=\"https:\/\/floresnavarro.nearwebs.com\/blog\/wp-content\/uploads\/2025\/11\/ramo-de-mimosalavanda-y-magnolia-1-2.webp\" alt=\"product\" loading=\"lazy\"><br \/>\n                <\/a>\n            <\/div>\n<div class=\"product-content\">\n                <input id=\"product_measure_100680\" type=\"hidden\" value=\"0\" tabindex=\"0\"><br \/>\n                <input type=\"hidden\" value=\"0\" id=\"div-qte-active\" tabindex=\"0\"><br \/>\n                <input type=\"hidden\" value=\"1\" id=\"div-format-active\" tabindex=\"0\"><br \/>\n                <input class=\"action-input\" title=\"Quantity Number\" type=\"hidden\" name=\"quantity\" value=\"1\" id=\"qte-product-100680\" onchange=\"ChangeQteProductRelated(100680, 0);\" tabindex=\"0\"><\/p>\n<div class=\"product-card-button\" id=\"div-add-100680\">\n                    <button class=\"shop-widget-btn btn-carrito-add\" tabindex=\"0\" onclick=\"AddProductWithQteAndFormat(100680, document.getElementById('qte-product-100680').value, document.getElementById('product_measure_100680').value);\"><br \/>\n                        <span>Ramo de mimosa,lavanda y magnolia<\/span><br \/>\n                    <\/button>\n                <\/div>\n<p>                <span class=\"product-blog-admin\" data-id=\"100680\"><\/span>\n            <\/div>\n<\/p>\n<\/div>\n<\/div>\n<\/div>\n<\/div>\n<\/div>\n<\/div>\n<\/div>\n<\/div>\n<\/div>\n<\/section>\n<section class=\"elementor-element elementor-element-9c9f615 elementor-section-boxed elementor-section-height-default elementor-section-height-default elementor-section elementor-top-section\" data-id=\"9c9f615\" data-element_type=\"section\" data-settings='{\"background_background\":\"classic\"}'>\n<div class=\"elementor-container elementor-column-gap-default\">\n<div class=\"elementor-row\">\n<div class=\"elementor-element elementor-element-98b4a53 elementor-column elementor-col-100 elementor-top-column\" data-id=\"98b4a53\" data-element_type=\"column\">\n<div class=\"elementor-column-wrap elementor-element-populated\">\n<div class=\"elementor-widget-wrap\">\n<div class=\"elementor-element elementor-element-228839c elementor-widget elementor-widget-heading\" data-id=\"228839c\" data-element_type=\"widget\" data-widget_type=\"heading.default\">\n<div class=\"elementor-widget-container\">\n<h3 class=\"elementor-heading-title elementor-size-default\"><b>Geranio<\/b><\/h3>\n<\/p>\n<\/div>\n<\/div>\n<div class=\"elementor-element elementor-element-76f527c elementor-widget elementor-widget-image\" data-id=\"76f527c\" data-element_type=\"widget\" data-widget_type=\"image.default\">\n<div class=\"elementor-widget-container\">\n<div class=\"elementor-image\">\n                            <img decoding=\"async\" src=\"https:\/\/floresnavarro.nearwebs.com\/blog\/wp-content\/uploads\/2025\/11\/geranio-flor-aromatica-rosa-roja-4.jpg\" loading=\"lazy\" alt=\"planta geranio\" title=\"geranio de color rojo\" width=\"600\" height=\"600\">                                <\/div>\n<\/p>\n<\/div>\n<\/div>\n<div class=\"elementor-element elementor-element-398d24d elementor-widget elementor-widget-text-editor\" data-id=\"398d24d\" data-element_type=\"widget\" data-widget_type=\"text-editor.default\">\n<div class=\"elementor-widget-container\">\n<div class=\"elementor-text-editor elementor-clearfix\">\n<p style=\"color: #111;\"><span color=\"#111111\">Los geranios tienen colores atractivos y son buenos en mejorar el \u00e1nimo. Se ha demostrado que <strong>sus hojas liberan compuestos que tienen propiedades positivas<\/strong> para el bienestar emocional.<\/span><\/p>\n<\/div>\n<\/div>\n<\/div>\n<\/div>\n<\/div>\n<\/div>\n<\/div>\n<\/div>\n<\/section>\n<section class=\"elementor-element elementor-element-77e202d elementor-section-boxed elementor-section-height-default elementor-section-height-default elementor-section elementor-top-section\" data-id=\"77e202d\" data-element_type=\"section\" data-settings='{\"background_background\":\"classic\"}'>\n<div class=\"elementor-container elementor-column-gap-default\">\n<div class=\"elementor-row\">\n<div class=\"elementor-element elementor-element-d63a7d3 elementor-column elementor-col-100 elementor-top-column\" data-id=\"d63a7d3\" data-element_type=\"column\">\n<div class=\"elementor-column-wrap elementor-element-populated\">\n<div class=\"elementor-widget-wrap\">\n<div class=\"elementor-element elementor-element-590a409 elementor-widget elementor-widget-heading\" data-id=\"590a409\" data-element_type=\"widget\" data-widget_type=\"heading.default\">\n<div class=\"elementor-widget-container\">\n<h3 class=\"elementor-heading-title elementor-size-default\"><b>Jazm\u00edn<\/b><\/h3>\n<\/p>\n<\/div>\n<\/div>\n<div class=\"elementor-element elementor-element-68b6721 elementor-widget elementor-widget-image\" data-id=\"68b6721\" data-element_type=\"widget\" data-widget_type=\"image.default\">\n<div class=\"elementor-widget-container\">\n<div class=\"elementor-image\">\n                            <img decoding=\"async\" src=\"https:\/\/floresnavarro.nearwebs.com\/blog\/wp-content\/uploads\/2025\/11\/jazmin-planta-exterior-4.jpg\" loading=\"lazy\" alt=\"jazmin de casa\" title=\"jazmin blanco\" width=\"640\" height=\"360\">                                <\/div>\n<\/p>\n<\/div>\n<\/div>\n<div class=\"elementor-element elementor-element-cbc365f elementor-widget elementor-widget-text-editor\" data-id=\"cbc365f\" data-element_type=\"widget\" data-widget_type=\"text-editor.default\">\n<div class=\"elementor-widget-container\">\n<div class=\"elementor-text-editor elementor-clearfix\">\n<p style=\"color: #111;\"><span color=\"#111111\">El jazm\u00edn es famoso por su <strong>fragancia dulce y relajante.<\/strong> Tener esta planta en casa puede <strong>mejorar el estado de \u00e1nimo y reducir el estr\u00e9s<\/strong>, promoviendo un ambiente m\u00e1s armonioso.<\/span><\/p>\n<\/div>\n<\/div>\n<\/div>\n<\/div>\n<\/div>\n<\/div>\n<\/div>\n<\/div>\n<\/section>\n<section class=\"elementor-element elementor-element-9072d2c elementor-section-boxed elementor-section-height-default elementor-section-height-default elementor-section elementor-top-section\" data-id=\"9072d2c\" data-element_type=\"section\" data-settings='{\"background_background\":\"classic\"}'>\n<div class=\"elementor-container elementor-column-gap-default\">\n<div class=\"elementor-row\">\n<div class=\"elementor-element elementor-element-236bea7 elementor-column elementor-col-100 elementor-top-column\" data-id=\"236bea7\" data-element_type=\"column\">\n<div class=\"elementor-column-wrap elementor-element-populated\">\n<div class=\"elementor-widget-wrap\">\n<div class=\"elementor-element elementor-element-cec381e elementor-widget elementor-widget-heading\" data-id=\"cec381e\" data-element_type=\"widget\" data-widget_type=\"heading.default\">\n<div class=\"elementor-widget-container\">\n<h3 class=\"elementor-heading-title elementor-size-default\"><b>Crisantemo<\/b><\/h3>\n<\/p>\n<\/div>\n<\/div>\n<div class=\"elementor-element elementor-element-d48726c elementor-widget elementor-widget-image\" data-id=\"d48726c\" data-element_type=\"widget\" data-widget_type=\"image.default\">\n<div class=\"elementor-widget-container\">\n<div class=\"elementor-image\">\n                            <img decoding=\"async\" src=\"https:\/\/floresnavarro.nearwebs.com\/blog\/wp-content\/uploads\/2025\/11\/crisantemo-para-mejorar-mi-animo-2.jpg\" loading=\"lazy\" alt=\"planta crisantemo\" title=\"crisantemo color morado\" width=\"600\" height=\"600\">                                <\/div>\n<\/p>\n<\/div>\n<\/div>\n<div class=\"elementor-element elementor-element-8027fb3 elementor-widget elementor-widget-text-editor\" data-id=\"8027fb3\" data-element_type=\"widget\" data-widget_type=\"text-editor.default\">\n<div class=\"elementor-widget-container\">\n<div class=\"elementor-text-editor elementor-clearfix\">\n<p style=\"color: #111;\"><span color=\"#111111\">Los crisantemos <strong>son atractivos visualmente<\/strong> con sus vibrantes colores y tambi\u00e9n se cree que tienen propiedades calmantes. La presencia de esta flor en tu entorno <strong>puede ayudar a reducir la ansiedad<\/strong> y mejorar la sensaci\u00f3n de bienestar.<\/span><\/p>\n<\/div>\n<\/div>\n<\/div>\n<div class=\"elementor-element elementor-element-247dfee elementor-widget elementor-widget-heading\" data-id=\"247dfee\" data-element_type=\"widget\" data-widget_type=\"heading.default\">\n<div class=\"elementor-widget-container\">\n<h3 class=\"elementor-heading-title elementor-size-default\"><b>Compra los Crisantemos perfectos:<\/b><\/h3>\n<\/p>\n<\/div>\n<\/div>\n<div class=\"elementor-element elementor-element-abf84c1 elementor-widget elementor-widget-product-grid\" data-id=\"abf84c1\" data-element_type=\"widget\" data-widget_type=\"product-grid.default\">\n<div class=\"elementor-widget-container\">\n<div class=\"elementor-product-grid\">\n<div class=\"col-12 product-card\" data-id=\"101069\" data-random=\"{p_random}\" data-image-number=\"2\" data-auto-text=\"False\">\n<div class=\"product-media\">\n                <button class=\"product-wish wish\" onclick=\"ProductoFavoritoRelated(this);\" data-id=\"101069\" tabindex=\"0\"><br \/>\n                        <i class=\"far fa-heart\"><\/i><br \/>\n                <\/button><br \/>\n                <a class=\"product-image\" href=\"\/flores\/ramo-otonal-deluxe\" tabindex=\"0\"><br \/>\n                    <img decoding=\"async\" class=\"col-6\" src=\"https:\/\/floresnavarro.nearwebs.com\/blog\/wp-content\/uploads\/2025\/11\/ramo-otonal-deluxe-1-2.webp\" alt=\"product\" loading=\"lazy\"><br \/>\n                    <img decoding=\"async\" class=\"col-6\" src=\"https:\/\/floresnavarro.nearwebs.com\/blog\/wp-content\/uploads\/2025\/11\/ramo-otonal-deluxe-2-2.webp\" alt=\"product\" loading=\"lazy\"><br \/>\n                <\/a>\n            <\/div>\n<div class=\"product-content\">\n                <input id=\"product_measure_101069\" type=\"hidden\" value=\"0\" tabindex=\"0\"><br \/>\n                <input type=\"hidden\" value=\"0\" id=\"div-qte-active\" tabindex=\"0\"><br \/>\n                <input type=\"hidden\" value=\"1\" id=\"div-format-active\" tabindex=\"0\"><br \/>\n                <input class=\"action-input\" title=\"Quantity Number\" type=\"hidden\" name=\"quantity\" value=\"1\" id=\"qte-product-101069\" onchange=\"ChangeQteProductRelated(101069, 0);\" tabindex=\"0\"><\/p>\n<div class=\"product-card-button\" id=\"div-add-101069\">\n                    <button class=\"shop-widget-btn btn-carrito-add\" tabindex=\"0\" onclick=\"AddProductWithQteAndFormat(101069, document.getElementById('qte-product-101069').value, document.getElementById('product_measure_101069').value);\"><br \/>\n                        <span>Ramo oto\u00f1al deluxe<\/span><br \/>\n                    <\/button>\n                <\/div>\n<p>                <span class=\"product-blog-admin\" data-id=\"101069\"><\/span>\n            <\/div>\n<\/p>\n<\/div>\n<div class=\"col-12 product-card\" data-id=\"101065\" data-random=\"{p_random}\" data-image-number=\"2\" data-auto-text=\"False\">\n<div class=\"product-media\">\n                <button class=\"product-wish wish\" onclick=\"ProductoFavoritoRelated(this);\" data-id=\"101065\" tabindex=\"0\"><br \/>\n                        <i class=\"far fa-heart\"><\/i><br \/>\n                <\/button><br \/>\n                <a class=\"product-image\" href=\"\/flores\/cesta-otonal-deluxe\" tabindex=\"0\"><br \/>\n                    <img decoding=\"async\" class=\"col-6\" src=\"https:\/\/floresnavarro.nearwebs.com\/blog\/wp-content\/uploads\/2025\/11\/cesta-otonal-deluxe-1-2.webp\" alt=\"product\" loading=\"lazy\"><br \/>\n                    <img decoding=\"async\" class=\"col-6\" src=\"https:\/\/floresnavarro.nearwebs.com\/blog\/wp-content\/uploads\/2025\/11\/cesta-otonal-deluxe-2-2.webp\" alt=\"product\" loading=\"lazy\"><br \/>\n                <\/a>\n            <\/div>\n<div class=\"product-content\">\n                <input id=\"product_measure_101065\" type=\"hidden\" value=\"0\" tabindex=\"0\"><br \/>\n                <input type=\"hidden\" value=\"0\" id=\"div-qte-active\" tabindex=\"0\"><br \/>\n                <input type=\"hidden\" value=\"1\" id=\"div-format-active\" tabindex=\"0\"><br \/>\n                <input class=\"action-input\" title=\"Quantity Number\" type=\"hidden\" name=\"quantity\" value=\"1\" id=\"qte-product-101065\" onchange=\"ChangeQteProductRelated(101065, 0);\" tabindex=\"0\"><\/p>\n<div class=\"product-card-button\" id=\"div-add-101065\">\n                    <button class=\"shop-widget-btn btn-carrito-add\" tabindex=\"0\" onclick=\"AddProductWithQteAndFormat(101065, document.getElementById('qte-product-101065').value, document.getElementById('product_measure_101065').value);\"><br \/>\n                        <span>Cesta oto\u00f1al deluxe<\/span><br \/>\n                    <\/button>\n                <\/div>\n<p>                <span class=\"product-blog-admin\" data-id=\"101065\"><\/span>\n            <\/div>\n<\/p>\n<\/div>\n<div class=\"col-12 product-card\" data-id=\"101064\" data-random=\"{p_random}\" data-image-number=\"2\" data-auto-text=\"False\">\n<div class=\"product-media\">\n                <button class=\"product-wish wish\" onclick=\"ProductoFavoritoRelated(this);\" data-id=\"101064\" tabindex=\"0\"><br \/>\n                        <i class=\"far fa-heart\"><\/i><br \/>\n                <\/button><br \/>\n                <a class=\"product-image\" href=\"\/coleccion-otono\/jarron-otonal\" tabindex=\"0\"><br \/>\n                    <img decoding=\"async\" class=\"col-6\" src=\"https:\/\/floresnavarro.nearwebs.com\/blog\/wp-content\/uploads\/2025\/11\/jarron-otonal-5-2.webp\" alt=\"product\" loading=\"lazy\"><br \/>\n                    <img decoding=\"async\" class=\"col-6\" src=\"https:\/\/floresnavarro.nearwebs.com\/blog\/wp-content\/uploads\/2025\/11\/jarron-otonal-1-2.webp\" alt=\"product\" loading=\"lazy\"><br \/>\n                <\/a>\n            <\/div>\n<div class=\"product-content\">\n                <input id=\"product_measure_101064\" type=\"hidden\" value=\"0\" tabindex=\"0\"><br \/>\n                <input type=\"hidden\" value=\"0\" id=\"div-qte-active\" tabindex=\"0\"><br \/>\n                <input type=\"hidden\" value=\"1\" id=\"div-format-active\" tabindex=\"0\"><br \/>\n                <input class=\"action-input\" title=\"Quantity Number\" type=\"hidden\" name=\"quantity\" value=\"1\" id=\"qte-product-101064\" onchange=\"ChangeQteProductRelated(101064, 0);\" tabindex=\"0\"><\/p>\n<div class=\"product-card-button\" id=\"div-add-101064\">\n                    <button class=\"shop-widget-btn btn-carrito-add\" tabindex=\"0\" onclick=\"AddProductWithQteAndFormat(101064, document.getElementById('qte-product-101064').value, document.getElementById('product_measure_101064').value);\"><br \/>\n                        <span>Jarr\u00f3n oto\u00f1al<\/span><br \/>\n                    <\/button>\n                <\/div>\n<p>                <span class=\"product-blog-admin\" data-id=\"101064\"><\/span>\n            <\/div>\n<\/p>\n<\/div>\n<\/div>\n<\/div>\n<\/div>\n<\/div>\n<\/div>\n<\/div>\n<\/div>\n<\/div>\n<\/section>\n<section class=\"elementor-element elementor-element-8ed9023 elementor-section-boxed elementor-section-height-default elementor-section-height-default elementor-section elementor-top-section\" data-id=\"8ed9023\" data-element_type=\"section\" data-settings='{\"background_background\":\"classic\"}'>\n<div class=\"elementor-container elementor-column-gap-default\">\n<div class=\"elementor-row\">\n<div class=\"elementor-element elementor-element-e6c56f2 elementor-column elementor-col-100 elementor-top-column\" data-id=\"e6c56f2\" data-element_type=\"column\">\n<div class=\"elementor-column-wrap elementor-element-populated\">\n<div class=\"elementor-widget-wrap\">\n<div class=\"elementor-element elementor-element-20d94c9 elementor-widget elementor-widget-heading\" data-id=\"20d94c9\" data-element_type=\"widget\" data-widget_type=\"heading.default\">\n<div class=\"elementor-widget-container\">\n<h3 class=\"elementor-heading-title elementor-size-default\"><b>Aloe Vera<\/b><\/h3>\n<\/p>\n<\/div>\n<\/div>\n<div class=\"elementor-element elementor-element-e9d8fe5 elementor-widget elementor-widget-image\" data-id=\"e9d8fe5\" data-element_type=\"widget\" data-widget_type=\"image.default\">\n<div class=\"elementor-widget-container\">\n<div class=\"elementor-image\">\n                            <img decoding=\"async\" src=\"https:\/\/floresnavarro.nearwebs.com\/blog\/wp-content\/uploads\/2025\/11\/aloe-vera-planta-medicinal-2-scaled.jpg\" loading=\"lazy\" alt=\"aloe vera\" title=\"aloe vera beneficios\" width=\"2736\" height=\"3648\">                                <\/div>\n<\/p>\n<\/div>\n<\/div>\n<div class=\"elementor-element elementor-element-28e4ffc elementor-widget elementor-widget-text-editor\" data-id=\"28e4ffc\" data-element_type=\"widget\" data-widget_type=\"text-editor.default\">\n<div class=\"elementor-widget-container\">\n<div class=\"elementor-text-editor elementor-clearfix\">\n<p style=\"color: #111;\"><span color=\"#111111\">Adem\u00e1s de sus <strong>beneficios para la piel<\/strong>, el aloe vera es una planta f\u00e1cil de cuidar que puede contribuir a la mejora del estado de \u00e1nimo. Se cree que su presencia en interiores puede<strong> purificar el aire<\/strong> y en consecuencia, promover un <strong>ambiente m\u00e1s saludable y positivo.<\/strong><\/span><\/p>\n<\/div>\n<\/div>\n<\/div>\n<\/div>\n<\/div>\n<\/div>\n<\/div>\n<\/div>\n<\/section>\n<section class=\"elementor-element elementor-element-bd51f55 elementor-section-boxed elementor-section-height-default elementor-section-height-default elementor-section elementor-top-section\" data-id=\"bd51f55\" data-element_type=\"section\" data-settings='{\"background_background\":\"classic\"}'>\n<div class=\"elementor-container elementor-column-gap-default\">\n<div class=\"elementor-row\">\n<div class=\"elementor-element elementor-element-ea90dcf elementor-column elementor-col-100 elementor-top-column\" data-id=\"ea90dcf\" data-element_type=\"column\">\n<div class=\"elementor-column-wrap elementor-element-populated\">\n<div class=\"elementor-widget-wrap\">\n<div class=\"elementor-element elementor-element-c35ff92 elementor-widget elementor-widget-heading\" data-id=\"c35ff92\" data-element_type=\"widget\" data-widget_type=\"heading.default\">\n<div class=\"elementor-widget-container\">\n<h3 class=\"elementor-heading-title elementor-size-default\"><b>Rosa de Sharon<\/b><\/h3>\n<\/p>\n<\/div>\n<\/div>\n<div class=\"elementor-element elementor-element-1c317a6 elementor-widget elementor-widget-image\" data-id=\"1c317a6\" data-element_type=\"widget\" data-widget_type=\"image.default\">\n<div class=\"elementor-widget-container\">\n<div class=\"elementor-image\">\n                            <img decoding=\"async\" src=\"https:\/\/floresnavarro.nearwebs.com\/blog\/wp-content\/uploads\/2025\/11\/flor-rosa-bosque-tranquilidad-2.jpg\" loading=\"lazy\" alt=\"rosa de sharon color fucsia\" title=\"rosa de sharon hibiscus\" width=\"1000\" height=\"667\">                                <\/div>\n<\/p>\n<\/div>\n<\/div>\n<div class=\"elementor-element elementor-element-4daf4f2 elementor-widget elementor-widget-text-editor\" data-id=\"4daf4f2\" data-element_type=\"widget\" data-widget_type=\"text-editor.default\">\n<div class=\"elementor-widget-container\">\n<div class=\"elementor-text-editor elementor-clearfix\">\n<p style=\"color: #111;\"><span color=\"#111111\">La Rosa de Sharon, conocida por su nombre cient\u00edfico Hibiscus syriacus, es <strong>una planta que aporta elegancia<\/strong> con sus hermosas flores que funcionan como <strong>un desintoxicante mental<\/strong> de aquello que nos agobia en la vida con propiedades relajantes. Adem\u00e1s, algunas personas encuentran que cuidar de esta planta con flor fomenta una <strong>sensaci\u00f3n de conexi\u00f3n con la naturaleza<\/strong> y reduce el estr\u00e9s.<\/span><\/p>\n<\/div>\n<\/div>\n<\/div>\n<\/div>\n<\/div>\n<\/div>\n<\/div>\n<\/div>\n<\/section>\n<section class=\"elementor-element elementor-element-0567a20 elementor-section-boxed elementor-section-height-default elementor-section-height-default elementor-section elementor-top-section\" data-id=\"0567a20\" data-element_type=\"section\" data-settings='{\"background_background\":\"classic\"}'>\n<div class=\"elementor-container elementor-column-gap-default\">\n<div class=\"elementor-row\">\n<div class=\"elementor-element elementor-element-4749668 elementor-column elementor-col-100 elementor-top-column\" data-id=\"4749668\" data-element_type=\"column\">\n<div class=\"elementor-column-wrap elementor-element-populated\">\n<div class=\"elementor-widget-wrap\">\n<div class=\"elementor-element elementor-element-8442898 elementor-widget elementor-widget-heading\" data-id=\"8442898\" data-element_type=\"widget\" data-widget_type=\"heading.default\">\n<div class=\"elementor-widget-container\">\n<h3 class=\"elementor-heading-title elementor-size-default\"><b>Suculentas<\/b><\/h3>\n<\/p>\n<\/div>\n<\/div>\n<div class=\"elementor-element elementor-element-cc5fda1 elementor-widget elementor-widget-image\" data-id=\"cc5fda1\" data-element_type=\"widget\" data-widget_type=\"image.default\">\n<div class=\"elementor-widget-container\">\n<div class=\"elementor-image\">\n                            <img decoding=\"async\" src=\"https:\/\/floresnavarro.nearwebs.com\/blog\/wp-content\/uploads\/2025\/11\/variedad-cactus-suculentas-decoracion-hogar-2.jpg\" loading=\"lazy\" alt=\"variedad de suculentas\" title=\"suculentas plantas peque\u00f1as\" width=\"1000\" height=\"667\">                                <\/div>\n<\/p>\n<\/div>\n<\/div>\n<div class=\"elementor-element elementor-element-99385fa elementor-widget elementor-widget-text-editor\" data-id=\"99385fa\" data-element_type=\"widget\" data-widget_type=\"text-editor.default\">\n<div class=\"elementor-widget-container\">\n<div class=\"elementor-text-editor elementor-clearfix\">\n<p style=\"color: #111;\"><span color=\"#111111\">Las suculentas, con su variedad de formas y colores, son <strong>f\u00e1ciles de cuidar<\/strong> y pueden <strong>a\u00f1adir vitalidad a cualquier espacio.<\/strong> La simple presencia de estas plantas en tu entorno puede traer alegr\u00eda y un sentido de <strong>logro al verlas prosperar con un mantenimiento m\u00ednimo.<\/strong><\/span><\/p>\n<\/div>\n<\/div>\n<\/div>\n<div class=\"elementor-element elementor-element-4b28523 elementor-widget elementor-widget-heading\" data-id=\"4b28523\" data-element_type=\"widget\" data-widget_type=\"heading.default\">\n<div class=\"elementor-widget-container\">\n<h3 class=\"elementor-heading-title elementor-size-default\"><b>Compra las Suculentas perfectas:<\/b><\/h3>\n<\/p>\n<\/div>\n<\/div>\n<div class=\"elementor-element elementor-element-ba499ad elementor-widget elementor-widget-product-grid\" data-id=\"ba499ad\" data-element_type=\"widget\" data-widget_type=\"product-grid.default\">\n<div class=\"elementor-widget-container\">\n<div class=\"elementor-product-grid\">\n<div class=\"col-12 product-card\" data-id=\"101055\" data-random=\"{p_random}\" data-image-number=\"2\" data-auto-text=\"False\">\n<div class=\"product-media\">\n                <button class=\"product-wish wish\" onclick=\"ProductoFavoritoRelated(this);\" data-id=\"101055\" tabindex=\"0\"><br \/>\n                        <i class=\"far fa-heart\"><\/i><br \/>\n                <\/button><br \/>\n                <a class=\"product-image\" href=\"\/plantas\/namib\" tabindex=\"0\"><br \/>\n                    <img decoding=\"async\" class=\"col-6\" src=\"https:\/\/floresnavarro.nearwebs.com\/blog\/wp-content\/uploads\/2025\/11\/namib-6-2.webp\" alt=\"product\" loading=\"lazy\"><br \/>\n                    <img decoding=\"async\" class=\"col-6\" src=\"https:\/\/floresnavarro.nearwebs.com\/blog\/wp-content\/uploads\/2025\/11\/namib-1-2.webp\" alt=\"product\" loading=\"lazy\"><br \/>\n                <\/a>\n            <\/div>\n<div class=\"product-content\">\n                <input id=\"product_measure_101055\" type=\"hidden\" value=\"0\" tabindex=\"0\"><br \/>\n                <input type=\"hidden\" value=\"0\" id=\"div-qte-active\" tabindex=\"0\"><br \/>\n                <input type=\"hidden\" value=\"1\" id=\"div-format-active\" tabindex=\"0\"><br \/>\n                <input class=\"action-input\" title=\"Quantity Number\" type=\"hidden\" name=\"quantity\" value=\"1\" id=\"qte-product-101055\" onchange=\"ChangeQteProductRelated(101055, 0);\" tabindex=\"0\"><\/p>\n<div class=\"product-card-button\" id=\"div-add-101055\">\n                    <button class=\"shop-widget-btn btn-carrito-add\" tabindex=\"0\" onclick=\"AddProductWithQteAndFormat(101055, document.getElementById('qte-product-101055').value, document.getElementById('product_measure_101055').value);\"><br \/>\n                        <span>Namib<\/span><br \/>\n                    <\/button>\n                <\/div>\n<p>                <span class=\"product-blog-admin\" data-id=\"101055\"><\/span>\n            <\/div>\n<\/p>\n<\/div>\n<\/div>\n<\/div>\n<\/div>\n<\/div>\n<\/div>\n<\/div>\n<\/div>\n<\/div>\n<\/section>\n<section class=\"elementor-element elementor-element-e92b121 elementor-section-boxed elementor-section-height-default elementor-section-height-default elementor-section elementor-top-section\" data-id=\"e92b121\" data-element_type=\"section\" data-settings='{\"background_background\":\"classic\"}'>\n<div class=\"elementor-container elementor-column-gap-default\">\n<div class=\"elementor-row\">\n<div class=\"elementor-element elementor-element-d7bc833 elementor-column elementor-col-100 elementor-top-column\" data-id=\"d7bc833\" data-element_type=\"column\">\n<div class=\"elementor-column-wrap elementor-element-populated\">\n<div class=\"elementor-widget-wrap\">\n<div class=\"elementor-element elementor-element-5893f8c elementor-widget elementor-widget-heading\" data-id=\"5893f8c\" data-element_type=\"widget\" data-widget_type=\"heading.default\">\n<div class=\"elementor-widget-container\">\n<h3 class=\"elementor-heading-title elementor-size-default\"><b>Orqu\u00eddea<\/b><\/h3>\n<\/p>\n<\/div>\n<\/div>\n<div class=\"elementor-element elementor-element-6a4bbbc elementor-widget elementor-widget-image\" data-id=\"6a4bbbc\" data-element_type=\"widget\" data-widget_type=\"image.default\">\n<div class=\"elementor-widget-container\">\n<div class=\"elementor-image\">\n                            <img decoding=\"async\" src=\"https:\/\/floresnavarro.nearwebs.com\/blog\/wp-content\/uploads\/2025\/11\/decoracion-casa-con-orquideas-2.jpg\" loading=\"lazy\" alt=\"orqu\u00eddea en casa\" title=\"planta orquidea\" width=\"1400\" height=\"1400\">                                <\/div>\n<\/p>\n<\/div>\n<\/div>\n<div class=\"elementor-element elementor-element-2a9b403 elementor-widget elementor-widget-text-editor\" data-id=\"2a9b403\" data-element_type=\"widget\" data-widget_type=\"text-editor.default\">\n<div class=\"elementor-widget-container\">\n<div class=\"elementor-text-editor elementor-clearfix\">\n<p style=\"color: #111;\"><span color=\"#111111\">Las orqu\u00eddeas, <strong>conocidas por su elegancia<\/strong>, se asocian con la mejora del estado de \u00e1nimo. Adem\u00e1s, algunas personas encuentran que cuidar de esta planta con flor <strong>proporciona una experiencia gratificante<\/strong>, ya que requieren cuidados espec\u00edficos y florecen con la atenci\u00f3n adecuada.<\/span><\/p>\n<\/div>\n<\/div>\n<\/div>\n<div class=\"elementor-element elementor-element-6568484 elementor-widget elementor-widget-heading\" data-id=\"6568484\" data-element_type=\"widget\" data-widget_type=\"heading.default\">\n<div class=\"elementor-widget-container\">\n<h3 class=\"elementor-heading-title elementor-size-default\"><b>Compra las Orqu\u00eddeas perfectas:<\/b><\/h3>\n<\/p>\n<\/div>\n<\/div>\n<div class=\"elementor-element elementor-element-a80649c elementor-widget elementor-widget-product-grid\" data-id=\"a80649c\" data-element_type=\"widget\" data-widget_type=\"product-grid.default\">\n<div class=\"elementor-widget-container\">\n<div class=\"elementor-product-grid\">\n<div class=\"col-12 product-card\" data-id=\"100170\" data-random=\"{p_random}\" data-image-number=\"2\" data-auto-text=\"False\">\n<div class=\"product-media\">\n                <button class=\"product-wish wish\" onclick=\"ProductoFavoritoRelated(this);\" data-id=\"100170\" tabindex=\"0\"><br \/>\n                        <i class=\"far fa-heart\"><\/i><br \/>\n                <\/button><br \/>\n                <a class=\"product-image\" href=\"\/plantas\/mini-phaleanopsis-ceramica\" tabindex=\"0\"><br \/>\n                    <img decoding=\"async\" class=\"col-6\" src=\"https:\/\/floresnavarro.nearwebs.com\/blog\/wp-content\/uploads\/2025\/11\/mini-phaleanopsis-ceramica-1-2.webp\" alt=\"product\" loading=\"lazy\"><br \/>\n                    <img decoding=\"async\" class=\"col-6\" src=\"https:\/\/floresnavarro.nearwebs.com\/blog\/wp-content\/uploads\/2025\/11\/mini-phaleanopsis-ceramica-fucsia-1-2.webp\" alt=\"product\" loading=\"lazy\"><br \/>\n                <\/a>\n            <\/div>\n<div class=\"product-content\">\n                <input id=\"product_measure_100170\" type=\"hidden\" value=\"0\" tabindex=\"0\"><br \/>\n                <input type=\"hidden\" value=\"0\" id=\"div-qte-active\" tabindex=\"0\"><br \/>\n                <input type=\"hidden\" value=\"1\" id=\"div-format-active\" tabindex=\"0\"><br \/>\n                <input class=\"action-input\" title=\"Quantity Number\" type=\"hidden\" name=\"quantity\" value=\"1\" id=\"qte-product-100170\" onchange=\"ChangeQteProductRelated(100170, 0);\" tabindex=\"0\"><\/p>\n<div class=\"product-card-button\" id=\"div-add-100170\">\n                    <button class=\"shop-widget-btn btn-carrito-add\" tabindex=\"0\" onclick=\"AddProductWithQteAndFormat(100170, document.getElementById('qte-product-100170').value, document.getElementById('product_measure_100170').value);\"><br \/>\n                        <span>Mini phalaenopsis cer\u00e1mica<\/span><br \/>\n                    <\/button>\n                <\/div>\n<p>                <span class=\"product-blog-admin\" data-id=\"100170\"><\/span>\n            <\/div>\n<\/p>\n<\/div>\n<div class=\"col-12 product-card\" data-id=\"100180\" data-random=\"{p_random}\" data-image-number=\"2\" data-auto-text=\"False\">\n<div class=\"product-media\">\n                <button class=\"product-wish wish\" onclick=\"ProductoFavoritoRelated(this);\" data-id=\"100180\" tabindex=\"0\"><br \/>\n                        <i class=\"far fa-heart\"><\/i><br \/>\n                <\/button><br \/>\n                <a class=\"product-image\" href=\"\/plantas\/mini-phaleanopsis-doble-en-ceramica\" tabindex=\"0\"><br \/>\n                    <img decoding=\"async\" class=\"col-6\" src=\"https:\/\/floresnavarro.nearwebs.com\/blog\/wp-content\/uploads\/2025\/11\/mini-phaleanopsis-doble-en-ceramica-6-2.webp\" alt=\"product\" loading=\"lazy\"><br \/>\n                    <img decoding=\"async\" class=\"col-6\" src=\"https:\/\/floresnavarro.nearwebs.com\/blog\/wp-content\/uploads\/2025\/11\/mini-phaleanopsis-doble-en-ceramica-blanca-1-2.webp\" alt=\"product\" loading=\"lazy\"><br \/>\n                <\/a>\n            <\/div>\n<div class=\"product-content\">\n                <input id=\"product_measure_100180\" type=\"hidden\" value=\"0\" tabindex=\"0\"><br \/>\n                <input type=\"hidden\" value=\"0\" id=\"div-qte-active\" tabindex=\"0\"><br \/>\n                <input type=\"hidden\" value=\"1\" id=\"div-format-active\" tabindex=\"0\"><br \/>\n                <input class=\"action-input\" title=\"Quantity Number\" type=\"hidden\" name=\"quantity\" value=\"1\" id=\"qte-product-100180\" onchange=\"ChangeQteProductRelated(100180, 0);\" tabindex=\"0\"><\/p>\n<div class=\"product-card-button\" id=\"div-add-100180\">\n                    <button class=\"shop-widget-btn btn-carrito-add\" tabindex=\"0\" onclick=\"AddProductWithQteAndFormat(100180, document.getElementById('qte-product-100180').value, document.getElementById('product_measure_100180').value);\"><br \/>\n                        <span>Mini phaleanopsis doble en cer\u00e1mica<\/span><br \/>\n                    <\/button>\n                <\/div>\n<p>                <span class=\"product-blog-admin\" data-id=\"100180\"><\/span>\n            <\/div>\n<\/p>\n<\/div>\n<div class=\"col-12 product-card\" data-id=\"100174\" data-random=\"{p_random}\" data-image-number=\"2\" data-auto-text=\"False\">\n<div class=\"product-media\">\n                <button class=\"product-wish wish\" onclick=\"ProductoFavoritoRelated(this);\" data-id=\"100174\" tabindex=\"0\"><br \/>\n                        <i class=\"far fa-heart\"><\/i><br \/>\n                <\/button><br \/>\n                <a class=\"product-image\" href=\"\/plantas\/wanda-en-jarron\" tabindex=\"0\"><br \/>\n                    <img decoding=\"async\" class=\"col-6\" src=\"https:\/\/floresnavarro.nearwebs.com\/blog\/wp-content\/uploads\/2025\/11\/wanda-en-jarron-1-2.webp\" alt=\"product\" loading=\"lazy\"><br \/>\n                    <img decoding=\"async\" class=\"col-6\" src=\"https:\/\/floresnavarro.nearwebs.com\/blog\/wp-content\/uploads\/2025\/11\/wanda-en-jarron-2-2.webp\" alt=\"product\" loading=\"lazy\"><br \/>\n                <\/a>\n            <\/div>\n<div class=\"product-content\">\n                <input id=\"product_measure_100174\" type=\"hidden\" value=\"0\" tabindex=\"0\"><br \/>\n                <input type=\"hidden\" value=\"0\" id=\"div-qte-active\" tabindex=\"0\"><br \/>\n                <input type=\"hidden\" value=\"1\" id=\"div-format-active\" tabindex=\"0\"><br \/>\n                <input class=\"action-input\" title=\"Quantity Number\" type=\"hidden\" name=\"quantity\" value=\"1\" id=\"qte-product-100174\" onchange=\"ChangeQteProductRelated(100174, 0);\" tabindex=\"0\"><\/p>\n<div class=\"product-card-button\" id=\"div-add-100174\">\n                    <button class=\"shop-widget-btn btn-carrito-add\" tabindex=\"0\" onclick=\"AddProductWithQteAndFormat(100174, document.getElementById('qte-product-100174').value, document.getElementById('product_measure_100174').value);\"><br \/>\n                        <span>Wanda en jarr\u00f3n<\/span><br \/>\n                    <\/button>\n                <\/div>\n<p>                <span class=\"product-blog-admin\" data-id=\"100174\"><\/span>\n            <\/div>\n<\/p>\n<\/div>\n<div class=\"col-12 product-card\" data-id=\"100175\" data-random=\"{p_random}\" data-image-number=\"2\" data-auto-text=\"False\">\n<div class=\"product-media\">\n                <button class=\"product-wish wish\" onclick=\"ProductoFavoritoRelated(this);\" data-id=\"100175\" tabindex=\"0\"><br \/>\n                        <i class=\"far fa-heart\"><\/i><br \/>\n                <\/button><br \/>\n                <a class=\"product-image\" href=\"\/plantas\/phaleanopsis-deluxe\" tabindex=\"0\"><br \/>\n                    <img decoding=\"async\" class=\"col-6\" src=\"https:\/\/floresnavarro.nearwebs.com\/blog\/wp-content\/uploads\/2025\/11\/phaleanopsis-deluxe-1-2.webp\" alt=\"product\" loading=\"lazy\"><br \/>\n                    <img decoding=\"async\" class=\"col-6\" src=\"https:\/\/floresnavarro.nearwebs.com\/blog\/wp-content\/uploads\/2025\/11\/phaleanopsis-deluxe-fucsia-1-2.webp\" alt=\"product\" loading=\"lazy\"><br \/>\n                <\/a>\n            <\/div>\n<div class=\"product-content\">\n                <input id=\"product_measure_100175\" type=\"hidden\" value=\"0\" tabindex=\"0\"><br \/>\n                <input type=\"hidden\" value=\"0\" id=\"div-qte-active\" tabindex=\"0\"><br \/>\n                <input type=\"hidden\" value=\"1\" id=\"div-format-active\" tabindex=\"0\"><br \/>\n                <input class=\"action-input\" title=\"Quantity Number\" type=\"hidden\" name=\"quantity\" value=\"1\" id=\"qte-product-100175\" onchange=\"ChangeQteProductRelated(100175, 0);\" tabindex=\"0\"><\/p>\n<div class=\"product-card-button\" id=\"div-add-100175\">\n                    <button class=\"shop-widget-btn btn-carrito-add\" tabindex=\"0\" onclick=\"AddProductWithQteAndFormat(100175, document.getElementById('qte-product-100175').value, document.getElementById('product_measure_100175').value);\"><br \/>\n                        <span>Phalaenopsis deluxe<\/span><br \/>\n                    <\/button>\n                <\/div>\n<p>                <span class=\"product-blog-admin\" data-id=\"100175\"><\/span>\n            <\/div>\n<\/p>\n<\/div>\n<\/div>\n<\/div>\n<\/div>\n<\/div>\n<\/div>\n<\/div>\n<\/div>\n<\/div>\n<\/section>\n<section class=\"elementor-element elementor-element-0466e21 elementor-section-boxed elementor-section-height-default elementor-section-height-default elementor-section elementor-top-section\" data-id=\"0466e21\" data-element_type=\"section\" data-settings='{\"background_background\":\"classic\"}'>\n<div class=\"elementor-container elementor-column-gap-default\">\n<div class=\"elementor-row\">\n<div class=\"elementor-element elementor-element-24c9564 elementor-column elementor-col-100 elementor-top-column\" data-id=\"24c9564\" data-element_type=\"column\">\n<div class=\"elementor-column-wrap elementor-element-populated\">\n<div class=\"elementor-widget-wrap\">\n<div class=\"elementor-element elementor-element-b9f2ba7 elementor-widget elementor-widget-text-editor\" data-id=\"b9f2ba7\" data-element_type=\"widget\" data-widget_type=\"text-editor.default\">\n<div class=\"elementor-widget-container\">\n<div class=\"elementor-text-editor elementor-clearfix\">\n<p style=\"color: #111;\"><span color=\"#111111\">Cada una de estas plantas <strong>a\u00f1adir\u00e1 un toque de frescura a tu hogar<\/strong> y actuar\u00e1 como un recordatorio constante de la belleza y la calma que la naturaleza puede proporcionar. As\u00ed que, incorporar plantas a tu vida diaria <strong>puede tener un impacto significativo en tu salud mental y emocional.<\/strong><\/span><\/p>\n<p style=\"color: #111;\"><span color=\"#111111\">Estas son solo algunas sugerencias, pero hay muchas otras plantas con propiedades emocionales positivas que puedes elegir <strong>seg\u00fan tus preferencias<\/strong> personales y del entorno en el que te encuentres. Adem\u00e1s, <strong>considera investigar sobre las condiciones espec\u00edficas<\/strong> de cuidado de cada planta para asegurar su bienestar y tu satisfacci\u00f3n al verlas florecer.<\/span><\/p>\n<\/div>\n<\/div>\n<\/div>\n<\/div>\n<\/div>\n<\/div>\n<\/div>\n<\/div>\n<\/section>\n<section class=\"elementor-element elementor-element-244e25e elementor-section-boxed elementor-section-height-default elementor-section-height-default elementor-section elementor-top-section\" data-id=\"244e25e\" data-element_type=\"section\">\n<div class=\"elementor-container elementor-column-gap-default\">\n<div class=\"elementor-row\">\n<div class=\"elementor-element elementor-element-dc05917 elementor-column elementor-col-100 elementor-top-column\" data-id=\"dc05917\" data-element_type=\"column\">\n<div class=\"elementor-column-wrap elementor-element-populated\">\n<div class=\"elementor-widget-wrap\">\n<div class=\"elementor-element elementor-element-5397db5 elementor-shape-rounded elementor-widget elementor-widget-social-icons\" data-id=\"5397db5\" data-element_type=\"widget\" data-widget_type=\"social-icons.default\">\n<div class=\"elementor-widget-container\">\n<div class=\"elementor-social-icons-wrapper\">\n                    <a class=\"icofont-facebook\" target=\"_blank\" href=\"https:\/\/www.facebook.com\/FloristeriasNavarro\/\"><\/a><br \/>\n                    <a class=\"icofont-instagram\" target=\"_blank\" href=\"https:\/\/www.instagram.com\/flores_navarro\/?hl=es\"><\/a>\n                <\/div>\n<\/p>\n<\/div>\n<\/div>\n<\/div>\n<\/div>\n<\/div>\n<\/div>\n<\/div>\n<\/section>\n","protected":false},"excerpt":{"rendered":"<p>Con el ritmo diario de nuestras vidas, el estr\u00e9s y las tensiones pueden arrojarnos a un estado de \u00e1nimo menos que \u00f3ptimo. Sin embargo, existe una soluci\u00f3n natural y armoniosa: la introducci\u00f3n de plantas para mejorar el \u00e1nimo en tu hogar\u00a0o lugar de trabajo. El poder terap\u00e9utico de las plantas va m\u00e1s all\u00e1 de su [&hellip;]<\/p>\n","protected":false},"author":3,"featured_media":46753,"comment_status":"open","ping_status":"open","sticky":false,"template":"","format":"standard","meta":{"meta_title":"","meta_description":"","footnotes":""},"categories":[1],"tags":[],"class_list":["post-46993","post","type-post","status-publish","format-standard","has-post-thumbnail","hentry","category-sin-categoria"],"language":"es","_links":{"self":[{"href":"https:\/\/floresnavarro.com\/blog\/wp-json\/wp\/v2\/posts\/46993","targetHints":{"allow":["GET"]}}],"collection":[{"href":"https:\/\/floresnavarro.com\/blog\/wp-json\/wp\/v2\/posts"}],"about":[{"href":"https:\/\/floresnavarro.com\/blog\/wp-json\/wp\/v2\/types\/post"}],"author":[{"embeddable":true,"href":"https:\/\/floresnavarro.com\/blog\/wp-json\/wp\/v2\/users\/3"}],"replies":[{"embeddable":true,"href":"https:\/\/floresnavarro.com\/blog\/wp-json\/wp\/v2\/comments?post=46993"}],"version-history":[{"count":1,"href":"https:\/\/floresnavarro.com\/blog\/wp-json\/wp\/v2\/posts\/46993\/revisions"}],"predecessor-version":[{"id":49317,"href":"https:\/\/floresnavarro.com\/blog\/wp-json\/wp\/v2\/posts\/46993\/revisions\/49317"}],"wp:featuredmedia":[{"embeddable":true,"href":"https:\/\/floresnavarro.com\/blog\/wp-json\/wp\/v2\/media\/46753"}],"wp:attachment":[{"href":"https:\/\/floresnavarro.com\/blog\/wp-json\/wp\/v2\/media?parent=46993"}],"wp:term":[{"taxonomy":"category","embeddable":true,"href":"https:\/\/floresnavarro.com\/blog\/wp-json\/wp\/v2\/categories?post=46993"},{"taxonomy":"post_tag","embeddable":true,"href":"https:\/\/floresnavarro.com\/blog\/wp-json\/wp\/v2\/tags?post=46993"}],"curies":[{"name":"wp","href":"https:\/\/api.w.org\/{rel}","templated":true}]}}