{"id":46898,"date":"2025-11-07T03:12:59","date_gmt":"2025-11-07T02:12:59","guid":{"rendered":"https:\/\/floresnavarro.nearwebs.com\/blog\/flores-de-octubre-las-7-flores-mas-bonitas-y-faciles-de-cuidar\/"},"modified":"2025-11-07T04:16:58","modified_gmt":"2025-11-07T03:16:58","slug":"flores-de-octubre-las-7-flores-mas-bonitas-y-faciles-de-cuidar","status":"publish","type":"post","link":"https:\/\/floresnavarro.com\/blog\/flores-de-octubre-las-7-flores-mas-bonitas-y-faciles-de-cuidar\/","title":{"rendered":"Flores de octubre: las 7 flores m\u00e1s bonitas y f\u00e1ciles de cuidar"},"content":{"rendered":"<section class=\"elementor-element elementor-element-6d739af9 elementor-section-boxed elementor-section-height-default elementor-section-height-default elementor-section elementor-top-section\" data-id=\"6d739af9\" data-element_type=\"section\" data-settings='{\"background_background\":\"classic\"}'>\n<div class=\"elementor-container elementor-column-gap-default\">\n<div class=\"elementor-row\">\n<div class=\"elementor-element elementor-element-a60686d elementor-column elementor-col-100 elementor-top-column\" data-id=\"a60686d\" data-element_type=\"column\">\n<div class=\"elementor-column-wrap elementor-element-populated\">\n<div class=\"elementor-widget-wrap\">\n<div class=\"elementor-element elementor-element-702d4857 elementor-widget elementor-widget-image\" data-id=\"702d4857\" data-element_type=\"widget\" data-widget_type=\"image.default\">\n<div class=\"elementor-widget-container\">\n<div class=\"elementor-image\">\n                            <img decoding=\"async\" src=\"https:\/\/floresnavarro.nearwebs.com\/blog\/wp-content\/uploads\/2025\/11\/senior-pareja-cuidando-flores-2.jpg\" alt=\"flores de octubre\" title=\"flores oto\u00f1ales\" width=\"1000\" height=\"676\" fetchpriority=\"high\">                                <\/div>\n<\/p>\n<\/div>\n<\/div>\n<div class=\"elementor-element elementor-element-5479e237 elementor-widget elementor-widget-text-editor\" data-id=\"5479e237\" data-element_type=\"widget\" data-widget_type=\"text-editor.default\">\n<div class=\"elementor-widget-container\">\n<div class=\"elementor-text-editor elementor-clearfix\">\n<p style=\"color: #111;\"><span color=\"#111111\">El oto\u00f1o trae consigo una paleta de colores c\u00e1lidos y la oportunidad de disfrutar de hermosas\u00a0<span><strong><a href=\"https:\/\/floresnavarro.com\/es\/159-coleccion-otono\"><span>flores de temporada en octubre para tu jard\u00edn.<\/span><\/a><\/strong><\/span> En Flores Navarro, te presentamos las siete flores oto\u00f1ales m\u00e1s bonitas y f\u00e1ciles de cuidar. Son una belleza natural que <strong>dar\u00e1n vida y color a tu jard\u00edn<\/strong> en un momento en que la naturaleza se prepara para la llegada de los d\u00edas m\u00e1s fr\u00edos.\u00a0<\/span><\/p>\n<p style=\"color: #111;\"><span color=\"#111111\">Aunque seas un amante de la jardiner\u00eda experimentado o reci\u00e9n empieces en el mundo de las plantas, puedes encontrar en estas flores inspiraci\u00f3n y <strong>una manera de conectarte con la naturaleza<\/strong> en una de las estaciones m\u00e1s encantadoras del a\u00f1o. As\u00ed que, prep\u00e1rate para ser cautivado por la magia de octubre a trav\u00e9s de estas flores para embellecer tu espacio exterior durante este mes.<\/span><\/p>\n<\/div>\n<\/div>\n<\/div>\n<\/div>\n<\/div>\n<\/div>\n<\/div>\n<\/div>\n<\/section>\n<section class=\"elementor-element elementor-element-2e8a978f elementor-section-boxed elementor-section-height-default elementor-section-height-default elementor-section elementor-top-section\" data-id=\"2e8a978f\" data-element_type=\"section\" data-settings='{\"background_background\":\"classic\"}'>\n<div class=\"elementor-container elementor-column-gap-default\">\n<div class=\"elementor-row\">\n<div class=\"elementor-element elementor-element-1643e5e0 elementor-column elementor-col-100 elementor-top-column\" data-id=\"1643e5e0\" data-element_type=\"column\">\n<div class=\"elementor-column-wrap elementor-element-populated\">\n<div class=\"elementor-widget-wrap\">\n<div class=\"elementor-element elementor-element-46c311d9 elementor-widget elementor-widget-heading\" data-id=\"46c311d9\" data-element_type=\"widget\" data-widget_type=\"heading.default\">\n<div class=\"elementor-widget-container\">\n<h2 class=\"elementor-heading-title elementor-size-default\">Flores y plantas que florecen en octubre<\/h2>\n<\/p>\n<\/div>\n<\/div>\n<div class=\"elementor-element elementor-element-78c54ab3 elementor-widget elementor-widget-text-editor\" data-id=\"78c54ab3\" data-element_type=\"widget\" data-widget_type=\"text-editor.default\">\n<div class=\"elementor-widget-container\">\n<div class=\"elementor-text-editor elementor-clearfix\">\n<p style=\"color: #111;\"><span color=\"#111111\">El d\u00e9cimo mes del a\u00f1o nos regala una variedad de flores que a\u00f1aden un bonito estilo oto\u00f1al a nuestro entorno. Estas son <strong>las siete flores de octubre<\/strong> que recomendamos para llenar tu jard\u00edn de absoluta belleza:<\/span><\/p>\n<\/div>\n<\/div>\n<\/div>\n<\/div>\n<\/div>\n<\/div>\n<\/div>\n<\/div>\n<\/section>\n<section class=\"elementor-element elementor-element-31db2305 elementor-section-boxed elementor-section-height-default elementor-section-height-default elementor-section elementor-top-section\" data-id=\"31db2305\" data-element_type=\"section\" data-settings='{\"background_background\":\"classic\"}'>\n<div class=\"elementor-container elementor-column-gap-default\">\n<div class=\"elementor-row\">\n<div class=\"elementor-element elementor-element-76dcd98c elementor-column elementor-col-100 elementor-top-column\" data-id=\"76dcd98c\" data-element_type=\"column\">\n<div class=\"elementor-column-wrap elementor-element-populated\">\n<div class=\"elementor-widget-wrap\">\n<div class=\"elementor-element elementor-element-d3aa705 elementor-widget elementor-widget-heading\" data-id=\"d3aa705\" data-element_type=\"widget\" data-widget_type=\"heading.default\">\n<div class=\"elementor-widget-container\">\n<h3 class=\"elementor-heading-title elementor-size-default\"><b>Lantana Trifolia<\/b><\/h3>\n<\/p>\n<\/div>\n<\/div>\n<div class=\"elementor-element elementor-element-2a2917f4 elementor-widget elementor-widget-image\" data-id=\"2a2917f4\" data-element_type=\"widget\" data-widget_type=\"image.default\">\n<div class=\"elementor-widget-container\">\n<div class=\"elementor-image\">\n                            <img decoding=\"async\" src=\"https:\/\/floresnavarro.nearwebs.com\/blog\/wp-content\/uploads\/2025\/11\/planta-lantana-4.jpg\" loading=\"lazy\" alt=\"lantana amarilla\" title=\"lantana en octubre\" width=\"640\" height=\"427\">                                <\/div>\n<\/p>\n<\/div>\n<\/div>\n<div class=\"elementor-element elementor-element-2465be6a elementor-widget elementor-widget-text-editor\" data-id=\"2465be6a\" data-element_type=\"widget\" data-widget_type=\"text-editor.default\">\n<div class=\"elementor-widget-container\">\n<div class=\"elementor-text-editor elementor-clearfix\">\n<p style=\"color: #111;\"><span color=\"#111111\">La Lantana Trifolia es una <strong>planta resistente<\/strong> que produce peque\u00f1as flores agrupadas en ramilletes redondos y sus colores var\u00edan desde el amarillo hasta el naranja y el rosa. La Lantana es f\u00e1cil de cuidar, prefiere el <strong>pleno sol<\/strong> y un <strong>suelo bien drenado.<\/strong> Solo necesita <strong>riegos regulares<\/strong>, evitando que el sustrato se seque completamente. Al ser una planta resistente es <strong>ideal para jardineros principiantes.<\/strong><\/span><\/p>\n<p style=\"color: #111;\"><span color=\"#111111\">Esta planta con flor<strong> es una verdadera atracci\u00f3n para mariposas y colibr\u00edes<\/strong>, lo que la convierte en una adici\u00f3n encantadora a tu jard\u00edn de oto\u00f1o.<\/span><\/p>\n<\/div>\n<\/div>\n<\/div>\n<\/div>\n<\/div>\n<\/div>\n<\/div>\n<\/div>\n<\/section>\n<section class=\"elementor-element elementor-element-fa4a35f elementor-section-boxed elementor-section-height-default elementor-section-height-default elementor-section elementor-top-section\" data-id=\"fa4a35f\" data-element_type=\"section\" data-settings='{\"background_background\":\"classic\"}'>\n<div class=\"elementor-container elementor-column-gap-default\">\n<div class=\"elementor-row\">\n<div class=\"elementor-element elementor-element-6bc2401 elementor-column elementor-col-100 elementor-top-column\" data-id=\"6bc2401\" data-element_type=\"column\">\n<div class=\"elementor-column-wrap elementor-element-populated\">\n<div class=\"elementor-widget-wrap\">\n<div class=\"elementor-element elementor-element-17643e8 elementor-widget elementor-widget-heading\" data-id=\"17643e8\" data-element_type=\"widget\" data-widget_type=\"heading.default\">\n<div class=\"elementor-widget-container\">\n<h3 class=\"elementor-heading-title elementor-size-default\"><b>La flor de Pensamientos<\/b><\/h3>\n<\/p>\n<\/div>\n<\/div>\n<div class=\"elementor-element elementor-element-cbd9cd6 elementor-widget elementor-widget-image\" data-id=\"cbd9cd6\" data-element_type=\"widget\" data-widget_type=\"image.default\">\n<div class=\"elementor-widget-container\">\n<div class=\"elementor-image\">\n                            <img decoding=\"async\" src=\"https:\/\/floresnavarro.nearwebs.com\/blog\/wp-content\/uploads\/2025\/11\/pensamiento-flor-hermosa-2.jpg\" loading=\"lazy\" alt=\"flor del pensamiento\" title=\"pensamientos para oto\u00f1o\" width=\"640\" height=\"542\">                                <\/div>\n<\/p>\n<\/div>\n<\/div>\n<div class=\"elementor-element elementor-element-a8b694e elementor-widget elementor-widget-text-editor\" data-id=\"a8b694e\" data-element_type=\"widget\" data-widget_type=\"text-editor.default\">\n<div class=\"elementor-widget-container\">\n<div class=\"elementor-text-editor elementor-clearfix\">\n<p style=\"color: #111;\"><span color=\"#111111\">Los Pensamientos son flores de colores vivos y vibrantes que <strong>prosperan en climas m\u00e1s frescos.<\/strong> Sus p\u00e9talos suaves y sus variados tonos de morado, amarillo y blanco <strong>a\u00f1aden un toque de alegr\u00eda a tu jard\u00edn oto\u00f1al.<\/strong>\u00a0<\/span><\/p>\n<p style=\"color: #111;\"><span color=\"#111111\">Adem\u00e1s, son bastante resistentes y pueden soportar las temperaturas m\u00e1s fr\u00edas. Necesitan ser <strong>regados regularmente<\/strong>, manteniendo el sustrato uniformemente h\u00famedo y puedes plantarlos en macetas o en el suelo en diferentes tipos de sustrato.<\/span><\/p>\n<\/div>\n<\/div>\n<\/div>\n<\/div>\n<\/div>\n<\/div>\n<\/div>\n<\/div>\n<\/section>\n<section class=\"elementor-element elementor-element-39b3d52 elementor-section-boxed elementor-section-height-default elementor-section-height-default elementor-section elementor-top-section\" data-id=\"39b3d52\" data-element_type=\"section\" data-settings='{\"background_background\":\"classic\"}'>\n<div class=\"elementor-container elementor-column-gap-default\">\n<div class=\"elementor-row\">\n<div class=\"elementor-element elementor-element-a0ef405 elementor-column elementor-col-100 elementor-top-column\" data-id=\"a0ef405\" data-element_type=\"column\">\n<div class=\"elementor-column-wrap elementor-element-populated\">\n<div class=\"elementor-widget-wrap\">\n<div class=\"elementor-element elementor-element-abe1f66 elementor-widget elementor-widget-heading\" data-id=\"abe1f66\" data-element_type=\"widget\" data-widget_type=\"heading.default\">\n<div class=\"elementor-widget-container\">\n<h3 class=\"elementor-heading-title elementor-size-default\"><b>La Dalia<\/b><\/h3>\n<\/p>\n<\/div>\n<\/div>\n<div class=\"elementor-element elementor-element-67080ed elementor-widget elementor-widget-image\" data-id=\"67080ed\" data-element_type=\"widget\" data-widget_type=\"image.default\">\n<div class=\"elementor-widget-container\">\n<div class=\"elementor-image\">\n                            <img decoding=\"async\" src=\"https:\/\/floresnavarro.nearwebs.com\/blog\/wp-content\/uploads\/2025\/11\/flor-dalia-7.jpg\" loading=\"lazy\" alt=\"dalia amarilla\" title=\"dalia oto\u00f1al\" width=\"640\" height=\"401\">                                <\/div>\n<\/p>\n<\/div>\n<\/div>\n<div class=\"elementor-element elementor-element-2f8779c elementor-widget elementor-widget-text-editor\" data-id=\"2f8779c\" data-element_type=\"widget\" data-widget_type=\"text-editor.default\">\n<div class=\"elementor-widget-container\">\n<div class=\"elementor-text-editor elementor-clearfix\">\n<p style=\"color: #111;\"><span color=\"#111111\">Las Dalias son conocidas por su elegancia y variedad de formas y tama\u00f1os de flores. En octubre, <strong>estas bellezas florecen en todo su esplendor<\/strong>, desde las cl\u00e1sicas Dalias pompon hasta las gigantes Dalias decorativas, hay una variedad para cada gusto y espacio en tu jard\u00edn. Las Dalias <strong>pueden requerir un poco m\u00e1s de atenci\u00f3n<\/strong>, pero <strong>prosperan con pleno sol<\/strong> y un suelo bien drenado. <\/span><\/p>\n<\/div>\n<\/div>\n<\/div>\n<\/div>\n<\/div>\n<\/div>\n<\/div>\n<\/div>\n<\/section>\n<section class=\"elementor-element elementor-element-565328e elementor-section-boxed elementor-section-height-default elementor-section-height-default elementor-section elementor-top-section\" data-id=\"565328e\" data-element_type=\"section\" data-settings='{\"background_background\":\"classic\"}'>\n<div class=\"elementor-container elementor-column-gap-default\">\n<div class=\"elementor-row\">\n<div class=\"elementor-element elementor-element-17bf992 elementor-column elementor-col-100 elementor-top-column\" data-id=\"17bf992\" data-element_type=\"column\">\n<div class=\"elementor-column-wrap elementor-element-populated\">\n<div class=\"elementor-widget-wrap\">\n<div class=\"elementor-element elementor-element-687f665 elementor-widget elementor-widget-heading\" data-id=\"687f665\" data-element_type=\"widget\" data-widget_type=\"heading.default\">\n<div class=\"elementor-widget-container\">\n<h3 class=\"elementor-heading-title elementor-size-default\"><b>Bignonia trepadora<\/b><\/h3>\n<\/p>\n<\/div>\n<\/div>\n<div class=\"elementor-element elementor-element-c2278b7 elementor-widget elementor-widget-image\" data-id=\"c2278b7\" data-element_type=\"widget\" data-widget_type=\"image.default\">\n<div class=\"elementor-widget-container\">\n<div class=\"elementor-image\">\n                            <img decoding=\"async\" src=\"https:\/\/floresnavarro.nearwebs.com\/blog\/wp-content\/uploads\/2025\/11\/Bignonia-octubre-flor-2.jpg\" loading=\"lazy\" alt=\"bignonia flor trompeta\" title=\"flor de oto\u00f1o bignonia\" width=\"399\" height=\"267\">                                <\/div>\n<\/p>\n<\/div>\n<\/div>\n<div class=\"elementor-element elementor-element-c811f8c elementor-widget elementor-widget-text-editor\" data-id=\"c811f8c\" data-element_type=\"widget\" data-widget_type=\"text-editor.default\">\n<div class=\"elementor-widget-container\">\n<div class=\"elementor-text-editor elementor-clearfix\">\n<p style=\"color: #111;\"><span color=\"#111111\">Si buscas <strong>una flor que llame la atenci\u00f3n<\/strong>, la Bignonia Trepadora es la elecci\u00f3n perfecta. Sus flores <strong>en forma de trompeta<\/strong>, que van del naranja al rojo, se destacan entre las dem\u00e1s.\u00a0<\/span><\/p>\n<p style=\"color: #111;\"><span color=\"#111111\">La Bignonia es una planta que prefiere pleno sol o sombra parcial y suelos bien drenados. <strong>Su principal atractivo es su capacidad para trepar<\/strong>, por lo que puedes entrenarla para que cubra p\u00e9rgolas, vallas o estructuras con su hermosa floraci\u00f3n.<\/span><\/p>\n<\/div>\n<\/div>\n<\/div>\n<\/div>\n<\/div>\n<\/div>\n<\/div>\n<\/div>\n<\/section>\n<section class=\"elementor-element elementor-element-3cb77ea elementor-section-boxed elementor-section-height-default elementor-section-height-default elementor-section elementor-top-section\" data-id=\"3cb77ea\" data-element_type=\"section\" data-settings='{\"background_background\":\"classic\"}'>\n<div class=\"elementor-container elementor-column-gap-default\">\n<div class=\"elementor-row\">\n<div class=\"elementor-element elementor-element-cb90ea8 elementor-column elementor-col-100 elementor-top-column\" data-id=\"cb90ea8\" data-element_type=\"column\">\n<div class=\"elementor-column-wrap elementor-element-populated\">\n<div class=\"elementor-widget-wrap\">\n<div class=\"elementor-element elementor-element-3c09619 elementor-widget elementor-widget-heading\" data-id=\"3c09619\" data-element_type=\"widget\" data-widget_type=\"heading.default\">\n<div class=\"elementor-widget-container\">\n<h3 class=\"elementor-heading-title elementor-size-default\"><b>Crisantemos<\/b><\/h3>\n<\/p>\n<\/div>\n<\/div>\n<div class=\"elementor-element elementor-element-0c4457f elementor-widget elementor-widget-image\" data-id=\"0c4457f\" data-element_type=\"widget\" data-widget_type=\"image.default\">\n<div class=\"elementor-widget-container\">\n<div class=\"elementor-image\">\n                            <img decoding=\"async\" src=\"https:\/\/floresnavarro.nearwebs.com\/blog\/wp-content\/uploads\/2025\/11\/crisantemo-amarillo-8.jpg\" loading=\"lazy\" alt=\"crisantemos amarillos\" title=\"oto\u00f1o con crisantemos\" width=\"640\" height=\"427\">                                <\/div>\n<\/p>\n<\/div>\n<\/div>\n<div class=\"elementor-element elementor-element-7c961c9 elementor-widget elementor-widget-text-editor\" data-id=\"7c961c9\" data-element_type=\"widget\" data-widget_type=\"text-editor.default\">\n<div class=\"elementor-widget-container\">\n<div class=\"elementor-text-editor elementor-clearfix\">\n<p style=\"color: #111;\"><span color=\"#111111\">Los Crisantemos <strong>son cl\u00e1sicos del oto\u00f1o<\/strong> y una opci\u00f3n infalible para a\u00f1adir color a tu jard\u00edn en octubre. Estos resistentes arbustos <strong>son muy resistentes y f\u00e1ciles de cuidar<\/strong>, prefieren la luz solar directa y suelos bien drenados. <\/span><\/p>\n<\/div>\n<\/div>\n<\/div>\n<\/div>\n<\/div>\n<\/div>\n<\/div>\n<\/div>\n<\/section>\n<section class=\"elementor-element elementor-element-173787f elementor-section-boxed elementor-section-height-default elementor-section-height-default elementor-section elementor-top-section\" data-id=\"173787f\" data-element_type=\"section\" data-settings='{\"background_background\":\"classic\"}'>\n<div class=\"elementor-container elementor-column-gap-default\">\n<div class=\"elementor-row\">\n<div class=\"elementor-element elementor-element-b60239d elementor-column elementor-col-100 elementor-top-column\" data-id=\"b60239d\" data-element_type=\"column\">\n<div class=\"elementor-column-wrap elementor-element-populated\">\n<div class=\"elementor-widget-wrap\">\n<div class=\"elementor-element elementor-element-5a694df elementor-widget elementor-widget-heading\" data-id=\"5a694df\" data-element_type=\"widget\" data-widget_type=\"heading.default\">\n<div class=\"elementor-widget-container\">\n<h3 class=\"elementor-heading-title elementor-size-default\"><b>Hibiscus<\/b><\/h3>\n<\/p>\n<\/div>\n<\/div>\n<div class=\"elementor-element elementor-element-461e595 elementor-widget elementor-widget-image\" data-id=\"461e595\" data-element_type=\"widget\" data-widget_type=\"image.default\">\n<div class=\"elementor-widget-container\">\n<div class=\"elementor-image\">\n                            <img decoding=\"async\" src=\"https:\/\/floresnavarro.nearwebs.com\/blog\/wp-content\/uploads\/2025\/11\/hermoso-hibisco-2.jpg\" loading=\"lazy\" alt=\"hibiscus\" title=\"flor hibiscus\" width=\"600\" height=\"600\">                                <\/div>\n<\/p>\n<\/div>\n<\/div>\n<div class=\"elementor-element elementor-element-df574b8 elementor-widget elementor-widget-text-editor\" data-id=\"df574b8\" data-element_type=\"widget\" data-widget_type=\"text-editor.default\">\n<div class=\"elementor-widget-container\">\n<div class=\"elementor-text-editor elementor-clearfix\">\n<p style=\"color: #111;\"><span color=\"#111111\">El Hibiscus, con sus llamativas flores en forma de trompeta y colores intensos, <strong>florece hasta finales de la temporada de oto\u00f1o<\/strong>. Esta planta se adapta bien a climas c\u00e1lidos y es perfecta para <strong>a\u00f1adir un toque tropical a tu jard\u00edn.<\/strong><\/span><\/p>\n<\/div>\n<\/div>\n<\/div>\n<\/div>\n<\/div>\n<\/div>\n<\/div>\n<\/div>\n<\/section>\n<section class=\"elementor-element elementor-element-27cd666 elementor-section-boxed elementor-section-height-default elementor-section-height-default elementor-section elementor-top-section\" data-id=\"27cd666\" data-element_type=\"section\" data-settings='{\"background_background\":\"classic\"}'>\n<div class=\"elementor-container elementor-column-gap-default\">\n<div class=\"elementor-row\">\n<div class=\"elementor-element elementor-element-e82fc15 elementor-column elementor-col-100 elementor-top-column\" data-id=\"e82fc15\" data-element_type=\"column\">\n<div class=\"elementor-column-wrap elementor-element-populated\">\n<div class=\"elementor-widget-wrap\">\n<div class=\"elementor-element elementor-element-5954192 elementor-widget elementor-widget-heading\" data-id=\"5954192\" data-element_type=\"widget\" data-widget_type=\"heading.default\">\n<div class=\"elementor-widget-container\">\n<h3 class=\"elementor-heading-title elementor-size-default\"><b>Hortensias oto\u00f1ales<\/b><\/h3>\n<\/p>\n<\/div>\n<\/div>\n<div class=\"elementor-element elementor-element-2bd09f3 elementor-widget elementor-widget-image\" data-id=\"2bd09f3\" data-element_type=\"widget\" data-widget_type=\"image.default\">\n<div class=\"elementor-widget-container\">\n<div class=\"elementor-image\">\n                            <img decoding=\"async\" src=\"https:\/\/floresnavarro.nearwebs.com\/blog\/wp-content\/uploads\/2025\/11\/comprar-hortensias-barcelona-2.jpg\" loading=\"lazy\" alt=\"hortensias oto\u00f1ales\" title=\"hortensias para el oto\u00f1o\" width=\"768\" height=\"768\">                                <\/div>\n<\/p>\n<\/div>\n<\/div>\n<div class=\"elementor-element elementor-element-20343ea elementor-widget elementor-widget-text-editor\" data-id=\"20343ea\" data-element_type=\"widget\" data-widget_type=\"text-editor.default\">\n<div class=\"elementor-widget-container\">\n<div class=\"elementor-text-editor elementor-clearfix\">\n<p style=\"color: #111;\"><span color=\"#111111\">Las Hortensias son conocidas por sus grandes cabezas de flores en forma de esfera y su capacidad para <strong>cambiar de color seg\u00fan el pH del suelo.<\/strong> En octubre, es necesario que <strong>tengan sombra parcial y suelos bien drenados.<\/strong> Mant\u00e9n el sustrato constantemente h\u00famedo y puedes disfrutar de esta planta vers\u00e1til y agradable de cuidar.<\/span><\/p>\n<\/div>\n<\/div>\n<\/div>\n<\/div>\n<\/div>\n<\/div>\n<\/div>\n<\/div>\n<\/section>\n<section class=\"elementor-element elementor-element-c6c71fd elementor-section-boxed elementor-section-height-default elementor-section-height-default elementor-section elementor-top-section\" data-id=\"c6c71fd\" data-element_type=\"section\" data-settings='{\"background_background\":\"classic\"}'>\n<div class=\"elementor-container elementor-column-gap-default\">\n<div class=\"elementor-row\">\n<div class=\"elementor-element elementor-element-a9f6c38 elementor-column elementor-col-100 elementor-top-column\" data-id=\"a9f6c38\" data-element_type=\"column\">\n<div class=\"elementor-column-wrap elementor-element-populated\">\n<div class=\"elementor-widget-wrap\">\n<div class=\"elementor-element elementor-element-4d8dac4 elementor-widget elementor-widget-text-editor\" data-id=\"4d8dac4\" data-element_type=\"widget\" data-widget_type=\"text-editor.default\">\n<div class=\"elementor-widget-container\">\n<div class=\"elementor-text-editor elementor-clearfix\">\n<p style=\"color: #111;\"><span color=\"#111111\">Embellece tu jard\u00edn con estas siete plantas que florecen en oto\u00f1o. Adem\u00e1s de su belleza, son f\u00e1ciles de cuidar y te permitir\u00e1n <strong>disfrutar de la magia del oto\u00f1o<\/strong> en tu propio espacio al aire libre. <strong>Visita nuestra tienda en Barcelona<\/strong> y encuentra <strong>la variedad que m\u00e1s te enamore<\/strong> para dar la bienvenida a esta estaci\u00f3n con estilo.<\/span><\/p>\n<p style=\"color: #111;\"><span color=\"#111111\">Aprovecha el encanto oto\u00f1al con\u00a0<span><strong><a href=\"https:\/\/floresnavarro.com\/es\/159-coleccion-otono\"><span>estas flores que florecen en octubre<\/span><\/a><\/strong><\/span> y convierte tu jard\u00edn en un rinc\u00f3n m\u00e1gico de colores y fragancias.<\/span><\/p>\n<\/div>\n<\/div>\n<\/div>\n<\/div>\n<\/div>\n<\/div>\n<\/div>\n<\/div>\n<\/section>\n<section class=\"elementor-element elementor-element-f9c46dd elementor-section-boxed elementor-section-height-default elementor-section-height-default elementor-section elementor-top-section\" data-id=\"f9c46dd\" data-element_type=\"section\">\n<div class=\"elementor-container elementor-column-gap-default\">\n<div class=\"elementor-row\">\n<div class=\"elementor-element elementor-element-d413d7f elementor-column elementor-col-100 elementor-top-column\" data-id=\"d413d7f\" data-element_type=\"column\">\n<div class=\"elementor-column-wrap elementor-element-populated\">\n<div class=\"elementor-widget-wrap\">\n<div class=\"elementor-element elementor-element-f8f925a elementor-shape-rounded elementor-widget elementor-widget-social-icons\" data-id=\"f8f925a\" data-element_type=\"widget\" data-widget_type=\"social-icons.default\">\n<div class=\"elementor-widget-container\">\n<div class=\"elementor-social-icons-wrapper\">\n                    <a class=\"icofont-facebook\" target=\"_blank\" href=\"https:\/\/www.facebook.com\/FloristeriasNavarro\/\"><\/a><br \/>\n                    <a class=\"icofont-instagram\" target=\"_blank\" href=\"https:\/\/www.instagram.com\/flores_navarro\/?hl=es\"><\/a>\n                <\/div>\n<\/p>\n<\/div>\n<\/div>\n<\/div>\n<\/div>\n<\/div>\n<\/div>\n<\/div>\n<\/section>\n<section class=\"elementor-element elementor-element-de724cb elementor-section-boxed elementor-section-height-default elementor-section-height-default elementor-section elementor-top-section\" data-id=\"de724cb\" data-element_type=\"section\">\n<div class=\"elementor-container elementor-column-gap-default\">\n<div class=\"elementor-row\">\n<div class=\"elementor-element elementor-element-a082ff0 elementor-column elementor-col-100 elementor-top-column\" data-id=\"a082ff0\" data-element_type=\"column\">\n<div class=\"elementor-column-wrap\">\n<div class=\"elementor-widget-wrap\">\n                        <\/div>\n<\/p>\n<\/div>\n<\/div>\n<\/div>\n<\/div>\n<\/section>\n","protected":false},"excerpt":{"rendered":"<p>El oto\u00f1o trae consigo una paleta de colores c\u00e1lidos y la oportunidad de disfrutar de hermosas\u00a0flores de temporada en octubre para tu jard\u00edn. En Flores Navarro, te presentamos las siete flores oto\u00f1ales m\u00e1s bonitas y f\u00e1ciles de cuidar. Son una belleza natural que dar\u00e1n vida y color a tu jard\u00edn en un momento en que [&hellip;]<\/p>\n","protected":false},"author":3,"featured_media":46890,"comment_status":"open","ping_status":"open","sticky":false,"template":"","format":"standard","meta":{"meta_title":"","meta_description":"","footnotes":""},"categories":[1],"tags":[],"class_list":["post-46898","post","type-post","status-publish","format-standard","has-post-thumbnail","hentry","category-sin-categoria"],"language":"es","_links":{"self":[{"href":"https:\/\/floresnavarro.com\/blog\/wp-json\/wp\/v2\/posts\/46898","targetHints":{"allow":["GET"]}}],"collection":[{"href":"https:\/\/floresnavarro.com\/blog\/wp-json\/wp\/v2\/posts"}],"about":[{"href":"https:\/\/floresnavarro.com\/blog\/wp-json\/wp\/v2\/types\/post"}],"author":[{"embeddable":true,"href":"https:\/\/floresnavarro.com\/blog\/wp-json\/wp\/v2\/users\/3"}],"replies":[{"embeddable":true,"href":"https:\/\/floresnavarro.com\/blog\/wp-json\/wp\/v2\/comments?post=46898"}],"version-history":[{"count":1,"href":"https:\/\/floresnavarro.com\/blog\/wp-json\/wp\/v2\/posts\/46898\/revisions"}],"predecessor-version":[{"id":49325,"href":"https:\/\/floresnavarro.com\/blog\/wp-json\/wp\/v2\/posts\/46898\/revisions\/49325"}],"wp:featuredmedia":[{"embeddable":true,"href":"https:\/\/floresnavarro.com\/blog\/wp-json\/wp\/v2\/media\/46890"}],"wp:attachment":[{"href":"https:\/\/floresnavarro.com\/blog\/wp-json\/wp\/v2\/media?parent=46898"}],"wp:term":[{"taxonomy":"category","embeddable":true,"href":"https:\/\/floresnavarro.com\/blog\/wp-json\/wp\/v2\/categories?post=46898"},{"taxonomy":"post_tag","embeddable":true,"href":"https:\/\/floresnavarro.com\/blog\/wp-json\/wp\/v2\/tags?post=46898"}],"curies":[{"name":"wp","href":"https:\/\/api.w.org\/{rel}","templated":true}]}}