{"id":46790,"date":"2025-11-07T03:11:27","date_gmt":"2025-11-07T02:11:27","guid":{"rendered":"https:\/\/floresnavarro.nearwebs.com\/blog\/las-mejores-flores-aromaticas-para-tu-jardin\/"},"modified":"2025-11-07T04:17:05","modified_gmt":"2025-11-07T03:17:05","slug":"las-mejores-flores-aromaticas-para-tu-jardin","status":"publish","type":"post","link":"https:\/\/floresnavarro.com\/blog\/las-mejores-flores-aromaticas-para-tu-jardin\/","title":{"rendered":"Las mejores flores arom\u00e1ticas para tu jard\u00edn"},"content":{"rendered":"<section class=\"elementor-element elementor-element-72179de5 elementor-section-boxed elementor-section-height-default elementor-section-height-default elementor-section elementor-top-section\" data-id=\"72179de5\" data-element_type=\"section\" data-settings='{\"background_background\":\"classic\"}'>\n<div class=\"elementor-container elementor-column-gap-default\">\n<div class=\"elementor-row\">\n<div class=\"elementor-element elementor-element-768d3882 elementor-column elementor-col-100 elementor-top-column\" data-id=\"768d3882\" data-element_type=\"column\">\n<div class=\"elementor-column-wrap elementor-element-populated\">\n<div class=\"elementor-widget-wrap\">\n<div class=\"elementor-element elementor-element-2333bf88 elementor-widget elementor-widget-image\" data-id=\"2333bf88\" data-element_type=\"widget\" data-widget_type=\"image.default\">\n<div class=\"elementor-widget-container\">\n<div class=\"elementor-image\">\n                            <img decoding=\"async\" src=\"https:\/\/floresnavarro.nearwebs.com\/blog\/wp-content\/uploads\/2025\/11\/cerrar-mujer-oliendo-flores-2.jpg\" alt=\"flores aromaticas\" title=\"mejores flores para tu jardin\" width=\"600\" height=\"600\" fetchpriority=\"high\">                                <\/div>\n<\/p>\n<\/div>\n<\/div>\n<div class=\"elementor-element elementor-element-ee8f890 elementor-widget elementor-widget-text-editor\" data-id=\"ee8f890\" data-element_type=\"widget\" data-widget_type=\"text-editor.default\">\n<div class=\"elementor-widget-container\">\n<div class=\"elementor-text-editor elementor-clearfix\">\n<p style=\"color: #111;\"><span color=\"#111111\">\u00bfEst\u00e1s buscando flores arom\u00e1ticas para tu jard\u00edn? \u00a1No busques m\u00e1s! Aqu\u00ed tienes una selecci\u00f3n de <strong>las diez mejores flores arom\u00e1ticas exteriores<\/strong> para perfumar y embellecer tu jard\u00edn.<\/span><\/p>\n<p style=\"color: #111;\"><span color=\"#111111\">El jard\u00edn es un lugar especial, un refugio donde puedes relajarte, conectarte con la naturaleza y disfrutar de momentos inolvidables. Por eso, las\u00a0<span><strong><a href=\"https:\/\/floresnavarro.com\/es\/93-flores\"><span>flores arom\u00e1ticas<\/span><\/a><\/strong><\/span> se adaptan a diversos estilos de jard\u00edn y preferencias personales, creando <strong>una experiencia sensorial \u00fanica y envolvente.<\/strong><\/span><\/p>\n<p style=\"color: #111;\"><span color=\"#111111\">Descubre esta lista de flores arom\u00e1ticas y cu\u00e1les son las que m\u00e1s te llaman la atenci\u00f3n. Imagina c\u00f3mo se ver\u00e1n y oler\u00e1n en tu jard\u00edn, c\u00f3mo embellecer\u00e1n tus rincones favoritos y c\u00f3mo llenar\u00e1n el aire con sus fragancias cautivadoras. <\/span><\/p>\n<\/div>\n<\/div>\n<\/div>\n<\/div>\n<\/div>\n<\/div>\n<\/div>\n<\/div>\n<\/section>\n<section class=\"elementor-element elementor-element-6a97249e elementor-section-boxed elementor-section-height-default elementor-section-height-default elementor-section elementor-top-section\" data-id=\"6a97249e\" data-element_type=\"section\" data-settings='{\"background_background\":\"classic\"}'>\n<div class=\"elementor-container elementor-column-gap-default\">\n<div class=\"elementor-row\">\n<div class=\"elementor-element elementor-element-6dc5d459 elementor-column elementor-col-100 elementor-top-column\" data-id=\"6dc5d459\" data-element_type=\"column\">\n<div class=\"elementor-column-wrap elementor-element-populated\">\n<div class=\"elementor-widget-wrap\">\n<div class=\"elementor-element elementor-element-88967af elementor-widget elementor-widget-heading\" data-id=\"88967af\" data-element_type=\"widget\" data-widget_type=\"heading.default\">\n<div class=\"elementor-widget-container\">\n<h2 class=\"elementor-heading-title elementor-size-default\">1. Rosas<\/h2>\n<\/p>\n<\/div>\n<\/div>\n<div class=\"elementor-element elementor-element-5c91921f elementor-widget elementor-widget-image\" data-id=\"5c91921f\" data-element_type=\"widget\" data-widget_type=\"image.default\">\n<div class=\"elementor-widget-container\">\n<div class=\"elementor-image\">\n                            <img decoding=\"async\" src=\"https:\/\/floresnavarro.nearwebs.com\/blog\/wp-content\/uploads\/2025\/11\/conjunto-primer-plano-rosas-rosadas-al-aire-libre-2.jpg\" loading=\"lazy\" alt=\"rosales aromaticos\" title=\"rosales\" width=\"600\" height=\"600\">                                <\/div>\n<\/p>\n<\/div>\n<\/div>\n<div class=\"elementor-element elementor-element-31eb17d5 elementor-widget elementor-widget-text-editor\" data-id=\"31eb17d5\" data-element_type=\"widget\" data-widget_type=\"text-editor.default\">\n<div class=\"elementor-widget-container\">\n<div class=\"elementor-text-editor elementor-clearfix\">\n<p style=\"color: #111;\"><span color=\"#111111\">Las rosas <strong>son las reinas indiscutibles del jard\u00edn<\/strong> cuando se trata de fragancia. Disponibles en una amplia variedad de colores y tama\u00f1os, las rosas desprenden un <strong>aroma dulce y embriagador<\/strong> que llenar\u00e1 el aire de romanticismo y elegancia.<\/span><\/p>\n<p style=\"color: #111;\"><span color=\"#111111\">Puedes optar <strong>por diferentes variedades<\/strong>, como las rosas inglesas o las rosas trepadoras, seg\u00fan tus preferencias y necesidades de dise\u00f1o.<\/span><\/p>\n<\/div>\n<\/div>\n<\/div>\n<\/div>\n<\/div>\n<\/div>\n<\/div>\n<\/div>\n<\/section>\n<section class=\"elementor-element elementor-element-351c707e elementor-section-boxed elementor-section-height-default elementor-section-height-default elementor-section elementor-top-section\" data-id=\"351c707e\" data-element_type=\"section\" data-settings='{\"background_background\":\"classic\"}'>\n<div class=\"elementor-container elementor-column-gap-default\">\n<div class=\"elementor-row\">\n<div class=\"elementor-element elementor-element-66d4a346 elementor-column elementor-col-100 elementor-top-column\" data-id=\"66d4a346\" data-element_type=\"column\">\n<div class=\"elementor-column-wrap elementor-element-populated\">\n<div class=\"elementor-widget-wrap\">\n<div class=\"elementor-element elementor-element-6b62a9f elementor-widget elementor-widget-heading\" data-id=\"6b62a9f\" data-element_type=\"widget\" data-widget_type=\"heading.default\">\n<div class=\"elementor-widget-container\">\n<h2 class=\"elementor-heading-title elementor-size-default\">2. Jazm\u00edn<\/h2>\n<\/p>\n<\/div>\n<\/div>\n<div class=\"elementor-element elementor-element-61f0ee44 elementor-widget elementor-widget-image\" data-id=\"61f0ee44\" data-element_type=\"widget\" data-widget_type=\"image.default\">\n<div class=\"elementor-widget-container\">\n<div class=\"elementor-image\">\n                            <img decoding=\"async\" src=\"https:\/\/floresnavarro.nearwebs.com\/blog\/wp-content\/uploads\/2025\/11\/atractiva-flor-blanca-planta-2.jpg\" loading=\"lazy\" alt=\"jazmin blanco\" title=\"perfume de jazmin\" width=\"600\" height=\"600\">                                <\/div>\n<\/p>\n<\/div>\n<\/div>\n<div class=\"elementor-element elementor-element-5f71b0cd elementor-widget elementor-widget-text-editor\" data-id=\"5f71b0cd\" data-element_type=\"widget\" data-widget_type=\"text-editor.default\">\n<div class=\"elementor-widget-container\">\n<div class=\"elementor-text-editor elementor-clearfix\">\n<p style=\"color: #111;\"><span color=\"#111111\">El jazm\u00edn es conocido por su <strong>fragancia dulce y ex\u00f3tica<\/strong> que llena el aire durante las noches de verano. Sus flores blancas o amarillas desprenden un aroma intenso y sensual, siendo una opci\u00f3n perfecta para <strong>crear un ambiente relajante y rom\u00e1ntico<\/strong> en tu jard\u00edn.<\/span><\/p>\n<p style=\"color: #111;\"><span color=\"#111111\">El jazm\u00edn es una planta trepadora que se puede cultivar en macetas o enrejados.<\/span><\/p>\n<\/div>\n<\/div>\n<\/div>\n<\/div>\n<\/div>\n<\/div>\n<\/div>\n<\/div>\n<\/section>\n<section class=\"elementor-element elementor-element-3d8aa75a elementor-section-boxed elementor-section-height-default elementor-section-height-default elementor-section elementor-top-section\" data-id=\"3d8aa75a\" data-element_type=\"section\" data-settings='{\"background_background\":\"classic\"}'>\n<div class=\"elementor-container elementor-column-gap-default\">\n<div class=\"elementor-row\">\n<div class=\"elementor-element elementor-element-47580703 elementor-column elementor-col-100 elementor-top-column\" data-id=\"47580703\" data-element_type=\"column\">\n<div class=\"elementor-column-wrap elementor-element-populated\">\n<div class=\"elementor-widget-wrap\">\n<div class=\"elementor-element elementor-element-bc37c25 elementor-widget elementor-widget-heading\" data-id=\"bc37c25\" data-element_type=\"widget\" data-widget_type=\"heading.default\">\n<div class=\"elementor-widget-container\">\n<h2 class=\"elementor-heading-title elementor-size-default\">3. Lavanda<\/h2>\n<\/p>\n<\/div>\n<\/div>\n<div class=\"elementor-element elementor-element-180df16e elementor-widget elementor-widget-image\" data-id=\"180df16e\" data-element_type=\"widget\" data-widget_type=\"image.default\">\n<div class=\"elementor-widget-container\">\n<div class=\"elementor-image\">\n                            <img decoding=\"async\" src=\"https:\/\/floresnavarro.nearwebs.com\/blog\/wp-content\/uploads\/2025\/11\/primer-plano-disparo-vertical-lavanda-5.jpg\" loading=\"lazy\" alt=\"lavanda fragancia\" title=\"fragrancia con flores\" width=\"600\" height=\"600\">                                <\/div>\n<\/p>\n<\/div>\n<\/div>\n<div class=\"elementor-element elementor-element-2278292b elementor-widget elementor-widget-text-editor\" data-id=\"2278292b\" data-element_type=\"widget\" data-widget_type=\"text-editor.default\">\n<div class=\"elementor-widget-container\">\n<div class=\"elementor-text-editor elementor-clearfix\">\n<p style=\"color: #111;\"><span color=\"#111111\">La lavanda es una de las plantas con flores arom\u00e1ticas m\u00e1s populares y vers\u00e1tiles. Su <strong>fragancia relajante y herb\u00e1cea<\/strong> es perfecta para crear un ambiente tranquilo y apacible en tu jard\u00edn.<\/span><\/p>\n<p style=\"color: #111;\"><span color=\"#111111\">Adem\u00e1s, la lavanda <strong>tambi\u00e9n repele a los insectos no deseados<\/strong>, lo que la convierte en una opci\u00f3n ideal para alejar a los mosquitos. Puedes cultivar la lavanda en macetas o en bordes florales.<\/span><\/p>\n<\/div>\n<\/div>\n<\/div>\n<div class=\"elementor-element elementor-element-75f004a9 elementor-widget elementor-widget-heading\" data-id=\"75f004a9\" data-element_type=\"widget\" data-widget_type=\"heading.default\">\n<div class=\"elementor-widget-container\">\n<h3 class=\"elementor-heading-title elementor-size-default\"><b>Regala la lavanda perfecta:<\/b><\/h3>\n<\/p>\n<\/div>\n<\/div>\n<div class=\"elementor-element elementor-element-361cc65a elementor-widget elementor-widget-product-grid\" data-id=\"361cc65a\" data-element_type=\"widget\" data-widget_type=\"product-grid.default\">\n<div class=\"elementor-widget-container\">\n<div class=\"elementor-product-grid\">\n<div class=\"col-12 product-card\" data-id=\"100038\" data-random=\"{p_random}\" data-image-number=\"2\" data-auto-text=\"False\">\n<div class=\"product-media\">\n                <button class=\"product-wish wish\" onclick=\"ProductoFavoritoRelated(this);\" data-id=\"100038\" tabindex=\"0\"><br \/>\n                        <i class=\"far fa-heart\"><\/i><br \/>\n                <\/button><br \/>\n                <a class=\"product-image\" href=\"\/plantas\/lavanda\" tabindex=\"0\"><br \/>\n                    <img decoding=\"async\" class=\"col-6\" src=\"https:\/\/floresnavarro.nearwebs.com\/blog\/wp-content\/uploads\/2025\/11\/lavanda-1-2.webp\" alt=\"product\" loading=\"lazy\"><br \/>\n                    <img decoding=\"async\" class=\"col-6\" src=\"https:\/\/floresnavarro.nearwebs.com\/blog\/wp-content\/uploads\/2025\/11\/lavanda-2-2.webp\" alt=\"product\" loading=\"lazy\"><br \/>\n                <\/a>\n            <\/div>\n<div class=\"product-content\">\n                <input id=\"product_measure_100038\" type=\"hidden\" value=\"0\" tabindex=\"0\"><br \/>\n                <input type=\"hidden\" value=\"0\" id=\"div-qte-active\" tabindex=\"0\"><br \/>\n                <input type=\"hidden\" value=\"1\" id=\"div-format-active\" tabindex=\"0\"><br \/>\n                <input class=\"action-input\" title=\"Quantity Number\" type=\"hidden\" name=\"quantity\" value=\"1\" id=\"qte-product-100038\" onchange=\"ChangeQteProductRelated(100038, 0);\" tabindex=\"0\"><\/p>\n<div class=\"product-card-button\" id=\"div-add-100038\">\n                    <button class=\"shop-widget-btn btn-carrito-add\" tabindex=\"0\" onclick=\"AddProductWithQteAndFormat(100038, document.getElementById('qte-product-100038').value, document.getElementById('product_measure_100038').value);\"><br \/>\n                        <span>Lavanda<\/span><br \/>\n                    <\/button>\n                <\/div>\n<p>                <span class=\"product-blog-admin\" data-id=\"100038\"><\/span>\n            <\/div>\n<\/p>\n<\/div>\n<\/div>\n<\/div>\n<\/div>\n<\/div>\n<\/div>\n<\/div>\n<\/div>\n<\/div>\n<\/section>\n<section class=\"elementor-element elementor-element-24063f8 elementor-section-boxed elementor-section-height-default elementor-section-height-default elementor-section elementor-top-section\" data-id=\"24063f8\" data-element_type=\"section\" data-settings='{\"background_background\":\"classic\"}'>\n<div class=\"elementor-container elementor-column-gap-default\">\n<div class=\"elementor-row\">\n<div class=\"elementor-element elementor-element-5299efb elementor-column elementor-col-100 elementor-top-column\" data-id=\"5299efb\" data-element_type=\"column\">\n<div class=\"elementor-column-wrap elementor-element-populated\">\n<div class=\"elementor-widget-wrap\">\n<div class=\"elementor-element elementor-element-3158b88 elementor-widget elementor-widget-heading\" data-id=\"3158b88\" data-element_type=\"widget\" data-widget_type=\"heading.default\">\n<div class=\"elementor-widget-container\">\n<h2 class=\"elementor-heading-title elementor-size-default\">4. Gardenia<\/h2>\n<\/p>\n<\/div>\n<\/div>\n<div class=\"elementor-element elementor-element-134d22e elementor-widget elementor-widget-image\" data-id=\"134d22e\" data-element_type=\"widget\" data-widget_type=\"image.default\">\n<div class=\"elementor-widget-container\">\n<div class=\"elementor-image\">\n                            <img decoding=\"async\" src=\"https:\/\/floresnavarro.nearwebs.com\/blog\/wp-content\/uploads\/2025\/11\/gardenia-flor-aromatica-2.jpg\" loading=\"lazy\" alt=\"gardenia aromatica\" title=\"flor con fragancia\" width=\"1280\" height=\"960\">                                <\/div>\n<\/p>\n<\/div>\n<\/div>\n<div class=\"elementor-element elementor-element-463360c elementor-widget elementor-widget-text-editor\" data-id=\"463360c\" data-element_type=\"widget\" data-widget_type=\"text-editor.default\">\n<div class=\"elementor-widget-container\">\n<div class=\"elementor-text-editor elementor-clearfix\">\n<p style=\"color: #111;\"><span color=\"#111111\">La gardenia es otra flor exquisitamente perfumada que <strong>agrega un toque de lujo<\/strong> a tu jard\u00edn. Sus flores blancas emanan una <strong>fragancia intensa y dulce<\/strong>, que evoca im\u00e1genes de jardines tropicales.<\/span><\/p>\n<p style=\"color: #111;\"><span color=\"#111111\">La gardenia requiere un cuidado especial y un clima c\u00e1lido para prosperar, pero si se encuentra en las condiciones adecuadas, te recompensar\u00e1 con su aroma embriagador.<\/span><\/p>\n<\/div>\n<\/div>\n<\/div>\n<\/div>\n<\/div>\n<\/div>\n<\/div>\n<\/div>\n<\/section>\n<section class=\"elementor-element elementor-element-5f2d129 elementor-section-boxed elementor-section-height-default elementor-section-height-default elementor-section elementor-top-section\" data-id=\"5f2d129\" data-element_type=\"section\" data-settings='{\"background_background\":\"classic\"}'>\n<div class=\"elementor-container elementor-column-gap-default\">\n<div class=\"elementor-row\">\n<div class=\"elementor-element elementor-element-80aa5d2 elementor-column elementor-col-100 elementor-top-column\" data-id=\"80aa5d2\" data-element_type=\"column\">\n<div class=\"elementor-column-wrap elementor-element-populated\">\n<div class=\"elementor-widget-wrap\">\n<div class=\"elementor-element elementor-element-e868586 elementor-widget elementor-widget-heading\" data-id=\"e868586\" data-element_type=\"widget\" data-widget_type=\"heading.default\">\n<div class=\"elementor-widget-container\">\n<h2 class=\"elementor-heading-title elementor-size-default\">5. Lirio del valle<\/h2>\n<\/p>\n<\/div>\n<\/div>\n<div class=\"elementor-element elementor-element-e240af4 elementor-widget elementor-widget-image\" data-id=\"e240af4\" data-element_type=\"widget\" data-widget_type=\"image.default\">\n<div class=\"elementor-widget-container\">\n<div class=\"elementor-image\">\n                            <img decoding=\"async\" src=\"https:\/\/floresnavarro.nearwebs.com\/blog\/wp-content\/uploads\/2025\/11\/lirios-del-valle-campanillas-2.jpg\" loading=\"lazy\" alt=\"lirio del valle\" title=\"lirio\" width=\"600\" height=\"600\">                                <\/div>\n<\/p>\n<\/div>\n<\/div>\n<div class=\"elementor-element elementor-element-38061d3 elementor-widget elementor-widget-text-editor\" data-id=\"38061d3\" data-element_type=\"widget\" data-widget_type=\"text-editor.default\">\n<div class=\"elementor-widget-container\">\n<div class=\"elementor-text-editor elementor-clearfix\">\n<p style=\"color: #111;\"><span color=\"#111111\">El lirio del valle es una peque\u00f1a y delicada flor con un aroma encantador y refrescante. Sus flores blancas y acampanadas florecen en primavera y llenan el aire con su <strong>fragancia dulce y distintiva.<\/strong><\/span><\/p>\n<p style=\"color: #111;\"><span color=\"#111111\">Es perfecta para \u00e1reas m\u00e1s frescas y h\u00famedas del jard\u00edn y tambi\u00e9n se puede cultivar en macetas en interiores.<\/span><\/p>\n<\/div>\n<\/div>\n<\/div>\n<\/div>\n<\/div>\n<\/div>\n<\/div>\n<\/div>\n<\/section>\n<section class=\"elementor-element elementor-element-4f6835d elementor-section-boxed elementor-section-height-default elementor-section-height-default elementor-section elementor-top-section\" data-id=\"4f6835d\" data-element_type=\"section\" data-settings='{\"background_background\":\"classic\"}'>\n<div class=\"elementor-container elementor-column-gap-default\">\n<div class=\"elementor-row\">\n<div class=\"elementor-element elementor-element-bc24e6f elementor-column elementor-col-100 elementor-top-column\" data-id=\"bc24e6f\" data-element_type=\"column\">\n<div class=\"elementor-column-wrap elementor-element-populated\">\n<div class=\"elementor-widget-wrap\">\n<div class=\"elementor-element elementor-element-b0f7b68 elementor-widget elementor-widget-heading\" data-id=\"b0f7b68\" data-element_type=\"widget\" data-widget_type=\"heading.default\">\n<div class=\"elementor-widget-container\">\n<h2 class=\"elementor-heading-title elementor-size-default\">6. Geranio<\/h2>\n<\/p>\n<\/div>\n<\/div>\n<div class=\"elementor-element elementor-element-229a5c5 elementor-widget elementor-widget-image\" data-id=\"229a5c5\" data-element_type=\"widget\" data-widget_type=\"image.default\">\n<div class=\"elementor-widget-container\">\n<div class=\"elementor-image\">\n                            <img decoding=\"async\" src=\"https:\/\/floresnavarro.nearwebs.com\/blog\/wp-content\/uploads\/2025\/11\/geranio-flor-aromatica-rosa-roja-5.jpg\" loading=\"lazy\" alt=\"geranio rosa y rojo\" title=\"geranio en barcelona\" width=\"600\" height=\"600\">                                <\/div>\n<\/p>\n<\/div>\n<\/div>\n<div class=\"elementor-element elementor-element-343f874 elementor-widget elementor-widget-text-editor\" data-id=\"343f874\" data-element_type=\"widget\" data-widget_type=\"text-editor.default\">\n<div class=\"elementor-widget-container\">\n<div class=\"elementor-text-editor elementor-clearfix\">\n<p style=\"color: #111;\"><span color=\"#111111\">Los geranios son plantas con flores populares en los jardines debido a su <strong>amplia variedad de colores y su fragancia c\u00edtrica<\/strong> y fresca.\u00a0<\/span><\/p>\n<p style=\"color: #111;\"><span color=\"#111111\">Estas flores se pueden cultivar f\u00e1cilmente en macetas colgantes y su aroma llenar\u00e1 el aire con una sensaci\u00f3n de frescura y vitalidad. Los geranios tambi\u00e9n tienen <strong>la<\/strong> <strong>ventaja de ser repelentes de mosquitos.<\/strong><\/span><\/p>\n<\/div>\n<\/div>\n<\/div>\n<\/div>\n<\/div>\n<\/div>\n<\/div>\n<\/div>\n<\/section>\n<section class=\"elementor-element elementor-element-d2cb674 elementor-section-boxed elementor-section-height-default elementor-section-height-default elementor-section elementor-top-section\" data-id=\"d2cb674\" data-element_type=\"section\" data-settings='{\"background_background\":\"classic\"}'>\n<div class=\"elementor-container elementor-column-gap-default\">\n<div class=\"elementor-row\">\n<div class=\"elementor-element elementor-element-2e7139f elementor-column elementor-col-100 elementor-top-column\" data-id=\"2e7139f\" data-element_type=\"column\">\n<div class=\"elementor-column-wrap elementor-element-populated\">\n<div class=\"elementor-widget-wrap\">\n<div class=\"elementor-element elementor-element-b0c1fe9 elementor-widget elementor-widget-heading\" data-id=\"b0c1fe9\" data-element_type=\"widget\" data-widget_type=\"heading.default\">\n<div class=\"elementor-widget-container\">\n<h2 class=\"elementor-heading-title elementor-size-default\">7. Clavel <\/h2>\n<\/p>\n<\/div>\n<\/div>\n<div class=\"elementor-element elementor-element-dbce0e8 elementor-widget elementor-widget-image\" data-id=\"dbce0e8\" data-element_type=\"widget\" data-widget_type=\"image.default\">\n<div class=\"elementor-widget-container\">\n<div class=\"elementor-image\">\n                            <img decoding=\"async\" src=\"https:\/\/floresnavarro.nearwebs.com\/blog\/wp-content\/uploads\/2025\/11\/clavel-rosa-aromatica-2.jpg\" loading=\"lazy\" alt=\"clavel rosa\" title=\"clavel aromatico\" width=\"1280\" height=\"854\">                                <\/div>\n<\/p>\n<\/div>\n<\/div>\n<div class=\"elementor-element elementor-element-4012f45 elementor-widget elementor-widget-text-editor\" data-id=\"4012f45\" data-element_type=\"widget\" data-widget_type=\"text-editor.default\">\n<div class=\"elementor-widget-container\">\n<div class=\"elementor-text-editor elementor-clearfix\">\n<p style=\"color: #111;\"><span color=\"#111111\">El clavel es una flor muy arom\u00e1tica que ofrece una amplia gama de colores vibrantes. Su <strong>fragancia dulce y especiada<\/strong> aporta un toque cl\u00e1sico y rom\u00e1ntico a cualquier jard\u00edn.\u00a0<\/span><\/p>\n<p style=\"color: #111;\"><span color=\"#111111\">Estas flores resistentes se pueden cultivar en macetas o en el suelo y florecen durante gran parte del a\u00f1o, brindando una belleza y un aroma duraderos.<\/span><\/p>\n<\/div>\n<\/div>\n<\/div>\n<\/div>\n<\/div>\n<\/div>\n<\/div>\n<\/div>\n<\/section>\n<section class=\"elementor-element elementor-element-9a73c17 elementor-section-boxed elementor-section-height-default elementor-section-height-default elementor-section elementor-top-section\" data-id=\"9a73c17\" data-element_type=\"section\" data-settings='{\"background_background\":\"classic\"}'>\n<div class=\"elementor-container elementor-column-gap-default\">\n<div class=\"elementor-row\">\n<div class=\"elementor-element elementor-element-0e37e43 elementor-column elementor-col-100 elementor-top-column\" data-id=\"0e37e43\" data-element_type=\"column\">\n<div class=\"elementor-column-wrap elementor-element-populated\">\n<div class=\"elementor-widget-wrap\">\n<div class=\"elementor-element elementor-element-9aec721 elementor-widget elementor-widget-heading\" data-id=\"9aec721\" data-element_type=\"widget\" data-widget_type=\"heading.default\">\n<div class=\"elementor-widget-container\">\n<h2 class=\"elementor-heading-title elementor-size-default\">8. Hierbabuena<\/h2>\n<\/p>\n<\/div>\n<\/div>\n<div class=\"elementor-element elementor-element-6ffbcff elementor-widget elementor-widget-image\" data-id=\"6ffbcff\" data-element_type=\"widget\" data-widget_type=\"image.default\">\n<div class=\"elementor-widget-container\">\n<div class=\"elementor-image\">\n                            <img decoding=\"async\" src=\"https:\/\/floresnavarro.nearwebs.com\/blog\/wp-content\/uploads\/2025\/11\/menta-organica-fresca-jardin-2.jpg\" loading=\"lazy\" alt=\"menta planta aromatica\" title=\"planta aromatica\" width=\"600\" height=\"600\">                                <\/div>\n<\/p>\n<\/div>\n<\/div>\n<div class=\"elementor-element elementor-element-a100aea elementor-widget elementor-widget-text-editor\" data-id=\"a100aea\" data-element_type=\"widget\" data-widget_type=\"text-editor.default\">\n<div class=\"elementor-widget-container\">\n<div class=\"elementor-text-editor elementor-clearfix\">\n<p style=\"color: #111;\"><span color=\"#111111\">Aunque no sea una flor, la hierbabuena es una planta arom\u00e1tica conocida por su fresco y penetrante <strong>aroma a menta.<\/strong><\/span><\/p>\n<p style=\"color: #111;\"><span color=\"#111111\"> Adem\u00e1s de su fragancia refrescante, la hierbabuena tambi\u00e9n <strong>tiene propiedades medicinales<\/strong> y se utiliza com\u00fanmente <strong>en infusiones y c\u00f3cteles.<\/strong> Puedes cultivarla f\u00e1cilmente en macetas o en un rinc\u00f3n soleado de tu jard\u00edn, y disfrutar de su aroma estimulante.<\/span><\/p>\n<\/div>\n<\/div>\n<\/div>\n<div class=\"elementor-element elementor-element-76592b7 elementor-widget elementor-widget-heading\" data-id=\"76592b7\" data-element_type=\"widget\" data-widget_type=\"heading.default\">\n<div class=\"elementor-widget-container\">\n<h3 class=\"elementor-heading-title elementor-size-default\"><b>Regala la Menta perfecta:<\/b><\/h3>\n<\/p>\n<\/div>\n<\/div>\n<div class=\"elementor-element elementor-element-01d395a elementor-widget elementor-widget-product-grid\" data-id=\"01d395a\" data-element_type=\"widget\" data-widget_type=\"product-grid.default\">\n<div class=\"elementor-widget-container\">\n<div class=\"elementor-product-grid\">\n<div class=\"col-12 product-card\" data-id=\"1043\" data-random=\"{p_random}\" data-image-number=\"2\" data-auto-text=\"False\">\n<div class=\"product-media\">\n                <button class=\"product-wish wish\" onclick=\"ProductoFavoritoRelated(this);\" data-id=\"1043\" tabindex=\"0\"><br \/>\n                        <i class=\"far fa-heart\"><\/i><br \/>\n                <\/button><br \/>\n                <a class=\"product-image\" href=\"\/plantas\/menta\" tabindex=\"0\"><br \/>\n                    <img decoding=\"async\" class=\"col-6\" src=\"https:\/\/floresnavarro.nearwebs.com\/blog\/wp-content\/uploads\/2025\/11\/menta-1-2.webp\" alt=\"product\" loading=\"lazy\"><br \/>\n                    <img decoding=\"async\" class=\"col-6\" src=\"https:\/\/floresnavarro.nearwebs.com\/blog\/wp-content\/uploads\/2025\/11\/menta-1-2.webp\" alt=\"product\" loading=\"lazy\"><br \/>\n                <\/a>\n            <\/div>\n<div class=\"product-content\">\n                <input id=\"product_measure_1043\" type=\"hidden\" value=\"0\" tabindex=\"0\"><br \/>\n                <input type=\"hidden\" value=\"0\" id=\"div-qte-active\" tabindex=\"0\"><br \/>\n                <input type=\"hidden\" value=\"1\" id=\"div-format-active\" tabindex=\"0\"><br \/>\n                <input class=\"action-input\" title=\"Quantity Number\" type=\"hidden\" name=\"quantity\" value=\"1\" id=\"qte-product-1043\" onchange=\"ChangeQteProductRelated(1043, 0);\" tabindex=\"0\"><\/p>\n<div class=\"product-card-button\" id=\"div-add-1043\">\n                    <button class=\"shop-widget-btn btn-carrito-add\" tabindex=\"0\" onclick=\"AddProductWithQteAndFormat(1043, document.getElementById('qte-product-1043').value, document.getElementById('product_measure_1043').value);\"><br \/>\n                        <span>Menta<\/span><br \/>\n                    <\/button>\n                <\/div>\n<p>                <span class=\"product-blog-admin\" data-id=\"1043\"><\/span>\n            <\/div>\n<\/p>\n<\/div>\n<\/div>\n<\/div>\n<\/div>\n<\/div>\n<\/div>\n<\/div>\n<\/div>\n<\/div>\n<\/section>\n<section class=\"elementor-element elementor-element-3bae94d elementor-section-boxed elementor-section-height-default elementor-section-height-default elementor-section elementor-top-section\" data-id=\"3bae94d\" data-element_type=\"section\" data-settings='{\"background_background\":\"classic\"}'>\n<div class=\"elementor-container elementor-column-gap-default\">\n<div class=\"elementor-row\">\n<div class=\"elementor-element elementor-element-8a7dedb elementor-column elementor-col-100 elementor-top-column\" data-id=\"8a7dedb\" data-element_type=\"column\">\n<div class=\"elementor-column-wrap elementor-element-populated\">\n<div class=\"elementor-widget-wrap\">\n<div class=\"elementor-element elementor-element-a202182 elementor-widget elementor-widget-heading\" data-id=\"a202182\" data-element_type=\"widget\" data-widget_type=\"heading.default\">\n<div class=\"elementor-widget-container\">\n<h2 class=\"elementor-heading-title elementor-size-default\">9. Lila<\/h2>\n<\/p>\n<\/div>\n<\/div>\n<div class=\"elementor-element elementor-element-a51cb71 elementor-widget elementor-widget-image\" data-id=\"a51cb71\" data-element_type=\"widget\" data-widget_type=\"image.default\">\n<div class=\"elementor-widget-container\">\n<div class=\"elementor-image\">\n                            <img decoding=\"async\" src=\"https:\/\/floresnavarro.nearwebs.com\/blog\/wp-content\/uploads\/2025\/11\/aromaticas-para-jardin-2.jpg\" loading=\"lazy\" alt=\"flor lilas aromaticas\" title=\"lilas flor\" width=\"600\" height=\"600\">                                <\/div>\n<\/p>\n<\/div>\n<\/div>\n<div class=\"elementor-element elementor-element-de2d73b elementor-widget elementor-widget-text-editor\" data-id=\"de2d73b\" data-element_type=\"widget\" data-widget_type=\"text-editor.default\">\n<div class=\"elementor-widget-container\">\n<div class=\"elementor-text-editor elementor-clearfix\">\n<p style=\"color: #111;\"><span color=\"#111111\">Las lilas son \u00e1rboles o arbustos con flores que desprenden un aroma inconfundible y embriagador. Sus racimos de flores en tonos de p\u00farpura, blanco o rosa <strong>llenar\u00e1n tu jard\u00edn con un perfume dulce y floral.<\/strong><\/span><\/p>\n<p style=\"color: #111;\"><span color=\"#111111\">La lila es una planta de clima fresco y crece mejor en suelos bien drenados y soleados. <\/span><\/p>\n<\/div>\n<\/div>\n<\/div>\n<\/div>\n<\/div>\n<\/div>\n<\/div>\n<\/div>\n<\/section>\n<section class=\"elementor-element elementor-element-e677531 elementor-section-boxed elementor-section-height-default elementor-section-height-default elementor-section elementor-top-section\" data-id=\"e677531\" data-element_type=\"section\" data-settings='{\"background_background\":\"classic\"}'>\n<div class=\"elementor-container elementor-column-gap-default\">\n<div class=\"elementor-row\">\n<div class=\"elementor-element elementor-element-058843b elementor-column elementor-col-100 elementor-top-column\" data-id=\"058843b\" data-element_type=\"column\">\n<div class=\"elementor-column-wrap elementor-element-populated\">\n<div class=\"elementor-widget-wrap\">\n<div class=\"elementor-element elementor-element-c0430c4 elementor-widget elementor-widget-heading\" data-id=\"c0430c4\" data-element_type=\"widget\" data-widget_type=\"heading.default\">\n<div class=\"elementor-widget-container\">\n<h2 class=\"elementor-heading-title elementor-size-default\">10. Cosmos atrosanguineus o Flor de chocolate<\/h2>\n<\/p>\n<\/div>\n<\/div>\n<div class=\"elementor-element elementor-element-bcf18af elementor-widget elementor-widget-image\" data-id=\"bcf18af\" data-element_type=\"widget\" data-widget_type=\"image.default\">\n<div class=\"elementor-widget-container\">\n<div class=\"elementor-image\">\n                            <img decoding=\"async\" src=\"https:\/\/floresnavarro.nearwebs.com\/blog\/wp-content\/uploads\/2025\/11\/flor-de-chocolate-vainilla-2.jpg\" loading=\"lazy\" alt=\"flor de chocolate\" title=\"flor aromatica\" width=\"600\" height=\"600\">                                <\/div>\n<\/p>\n<\/div>\n<\/div>\n<div class=\"elementor-element elementor-element-bc52f38 elementor-widget elementor-widget-text-editor\" data-id=\"bc52f38\" data-element_type=\"widget\" data-widget_type=\"text-editor.default\">\n<div class=\"elementor-widget-container\">\n<div class=\"elementor-text-editor elementor-clearfix\">\n<p style=\"color: #111;\"><span color=\"#111111\">El Cosmos Chocolate, tambi\u00e9n conocido como Cosmos de chocolate o Cosmos atrosanguineus, es una hermosa flor perenne que destaca por sus p\u00e9talos de color marr\u00f3n oscuro y su <strong>distintivo aroma a chocolate y vainilla.<\/strong> Originaria de M\u00e9xico, esta flor ha ganado popularidad debido a su fragancia \u00fanica y su apariencia ex\u00f3tica.<\/span><\/p>\n<p style=\"color: #111;\"><span color=\"#111111\">El aroma del Cosmos es su principal caracter\u00edstica distintiva. Cuando las flores florecen <strong>atraen a mariposas y otros polinizadores<\/strong>, lo que hace que esta flor sea una adici\u00f3n encantadora a cualquier jard\u00edn.<\/span><\/p>\n<\/div>\n<\/div>\n<\/div>\n<\/div>\n<\/div>\n<\/div>\n<\/div>\n<\/div>\n<\/section>\n<section class=\"elementor-element elementor-element-609b36e elementor-section-boxed elementor-section-height-default elementor-section-height-default elementor-section elementor-top-section\" data-id=\"609b36e\" data-element_type=\"section\" data-settings='{\"background_background\":\"classic\"}'>\n<div class=\"elementor-container elementor-column-gap-default\">\n<div class=\"elementor-row\">\n<div class=\"elementor-element elementor-element-18f7e8a elementor-column elementor-col-100 elementor-top-column\" data-id=\"18f7e8a\" data-element_type=\"column\">\n<div class=\"elementor-column-wrap elementor-element-populated\">\n<div class=\"elementor-widget-wrap\">\n<div class=\"elementor-element elementor-element-4139f27 elementor-widget elementor-widget-heading\" data-id=\"4139f27\" data-element_type=\"widget\" data-widget_type=\"heading.default\">\n<div class=\"elementor-widget-container\">\n<h2 class=\"elementor-heading-title elementor-size-default\">Decora con las flores arom\u00e1ticas de jard\u00edn<\/h2>\n<\/p>\n<\/div>\n<\/div>\n<div class=\"elementor-element elementor-element-3e83ccc elementor-widget elementor-widget-image\" data-id=\"3e83ccc\" data-element_type=\"widget\" data-widget_type=\"image.default\">\n<div class=\"elementor-widget-container\">\n<div class=\"elementor-image\">\n                            <img decoding=\"async\" src=\"https:\/\/floresnavarro.nearwebs.com\/blog\/wp-content\/uploads\/2025\/11\/flor-colorida-jardin-2.jpg\" loading=\"lazy\" alt=\"jardin con flores aromaticas\" title=\"jardin decorado\" width=\"600\" height=\"600\">                                <\/div>\n<\/p>\n<\/div>\n<\/div>\n<div class=\"elementor-element elementor-element-a4a249b elementor-widget elementor-widget-text-editor\" data-id=\"a4a249b\" data-element_type=\"widget\" data-widget_type=\"text-editor.default\">\n<div class=\"elementor-widget-container\">\n<div class=\"elementor-text-editor elementor-clearfix\">\n<p style=\"color: #111;\"><span color=\"#111111\">Ahora que conoces las 10 mejores flores arom\u00e1ticas para tu jard\u00edn, \u00a1es hora de sumergirte en un mundo de fragancias! Ya sea que prefieras notas c\u00edtricas, dulces, frescas o ex\u00f3ticas, <strong>estas flores perfumadas seguramente a\u00f1adir\u00e1n un toque especial a tu espacio exterior.<\/strong>\u00a0<\/span><\/p>\n<p style=\"color: #111;\"><span color=\"#111111\">Recuerda que cuidar estas flores arom\u00e1ticas requerir\u00e1 de tu atenci\u00f3n y amor. <strong>Proporciona un entorno adecuado<\/strong>, con la cantidad adecuada de luz solar, riego regular y los nutrientes necesarios. No dudes en experimentar con diferentes combinaciones y dise\u00f1os para <strong>crear un jard\u00edn fragante que refleje tu estilo y personalidad.<\/strong><\/span><\/p>\n<\/div>\n<\/div>\n<\/div>\n<\/div>\n<\/div>\n<\/div>\n<\/div>\n<\/div>\n<\/section>\n<section class=\"elementor-element elementor-element-417cb16 elementor-section-boxed elementor-section-height-default elementor-section-height-default elementor-section elementor-top-section\" data-id=\"417cb16\" data-element_type=\"section\">\n<div class=\"elementor-container elementor-column-gap-default\">\n<div class=\"elementor-row\">\n<div class=\"elementor-element elementor-element-6b70881 elementor-column elementor-col-100 elementor-top-column\" data-id=\"6b70881\" data-element_type=\"column\">\n<div class=\"elementor-column-wrap elementor-element-populated\">\n<div class=\"elementor-widget-wrap\">\n<div class=\"elementor-element elementor-element-ac67390 elementor-shape-rounded elementor-widget elementor-widget-social-icons\" data-id=\"ac67390\" data-element_type=\"widget\" data-widget_type=\"social-icons.default\">\n<div class=\"elementor-widget-container\">\n<div class=\"elementor-social-icons-wrapper\">\n                    <a class=\"icofont-facebook\" target=\"_blank\" href=\"https:\/\/www.facebook.com\/FloristeriasNavarro\/\"><\/a><br \/>\n                    <a class=\"icofont-instagram\" target=\"_blank\" href=\"https:\/\/www.instagram.com\/flores_navarro\/?hl=es\"><\/a>\n                <\/div>\n<\/p>\n<\/div>\n<\/div>\n<\/div>\n<\/div>\n<\/div>\n<\/div>\n<\/div>\n<\/section>\n","protected":false},"excerpt":{"rendered":"<p>\u00bfEst\u00e1s buscando flores arom\u00e1ticas para tu jard\u00edn? \u00a1No busques m\u00e1s! Aqu\u00ed tienes una selecci\u00f3n de las diez mejores flores arom\u00e1ticas exteriores para perfumar y embellecer tu jard\u00edn. El jard\u00edn es un lugar especial, un refugio donde puedes relajarte, conectarte con la naturaleza y disfrutar de momentos inolvidables. Por eso, las\u00a0flores arom\u00e1ticas se adaptan a diversos [&hellip;]<\/p>\n","protected":false},"author":3,"featured_media":46775,"comment_status":"open","ping_status":"open","sticky":false,"template":"","format":"standard","meta":{"meta_title":"","meta_description":"","footnotes":""},"categories":[1],"tags":[],"class_list":["post-46790","post","type-post","status-publish","format-standard","has-post-thumbnail","hentry","category-sin-categoria"],"language":"es","_links":{"self":[{"href":"https:\/\/floresnavarro.com\/blog\/wp-json\/wp\/v2\/posts\/46790","targetHints":{"allow":["GET"]}}],"collection":[{"href":"https:\/\/floresnavarro.com\/blog\/wp-json\/wp\/v2\/posts"}],"about":[{"href":"https:\/\/floresnavarro.com\/blog\/wp-json\/wp\/v2\/types\/post"}],"author":[{"embeddable":true,"href":"https:\/\/floresnavarro.com\/blog\/wp-json\/wp\/v2\/users\/3"}],"replies":[{"embeddable":true,"href":"https:\/\/floresnavarro.com\/blog\/wp-json\/wp\/v2\/comments?post=46790"}],"version-history":[{"count":1,"href":"https:\/\/floresnavarro.com\/blog\/wp-json\/wp\/v2\/posts\/46790\/revisions"}],"predecessor-version":[{"id":49335,"href":"https:\/\/floresnavarro.com\/blog\/wp-json\/wp\/v2\/posts\/46790\/revisions\/49335"}],"wp:featuredmedia":[{"embeddable":true,"href":"https:\/\/floresnavarro.com\/blog\/wp-json\/wp\/v2\/media\/46775"}],"wp:attachment":[{"href":"https:\/\/floresnavarro.com\/blog\/wp-json\/wp\/v2\/media?parent=46790"}],"wp:term":[{"taxonomy":"category","embeddable":true,"href":"https:\/\/floresnavarro.com\/blog\/wp-json\/wp\/v2\/categories?post=46790"},{"taxonomy":"post_tag","embeddable":true,"href":"https:\/\/floresnavarro.com\/blog\/wp-json\/wp\/v2\/tags?post=46790"}],"curies":[{"name":"wp","href":"https:\/\/api.w.org\/{rel}","templated":true}]}}