{"id":46593,"date":"2025-11-07T03:08:51","date_gmt":"2025-11-07T02:08:51","guid":{"rendered":"https:\/\/floresnavarro.nearwebs.com\/blog\/plantas-que-florecen-en-primavera\/"},"modified":"2025-11-07T04:17:33","modified_gmt":"2025-11-07T03:17:33","slug":"plantas-que-florecen-en-primavera","status":"publish","type":"post","link":"https:\/\/floresnavarro.com\/blog\/plantas-que-florecen-en-primavera\/","title":{"rendered":"Plantas que florecen en primavera"},"content":{"rendered":"<section class=\"elementor-element elementor-element-27373eda elementor-section-boxed elementor-section-height-default elementor-section-height-default elementor-section elementor-top-section\" data-id=\"27373eda\" data-element_type=\"section\" data-settings='{\"background_background\":\"classic\"}'>\n<div class=\"elementor-container elementor-column-gap-default\">\n<div class=\"elementor-row\">\n<div class=\"elementor-element elementor-element-738d34a2 elementor-column elementor-col-100 elementor-top-column\" data-id=\"738d34a2\" data-element_type=\"column\">\n<div class=\"elementor-column-wrap elementor-element-populated\">\n<div class=\"elementor-widget-wrap\">\n<div class=\"elementor-element elementor-element-3e542262 elementor-widget elementor-widget-image\" data-id=\"3e542262\" data-element_type=\"widget\" data-widget_type=\"image.default\">\n<div class=\"elementor-widget-container\">\n<div class=\"elementor-image\">\n                            <img decoding=\"async\" src=\"https:\/\/floresnavarro.nearwebs.com\/blog\/wp-content\/uploads\/2025\/11\/maceta-primavera-2-scaled.jpg\" alt=\"Maceta planta con flor\" title=\"Plantas florecidas en Primavera\" width=\"3223\" height=\"2847\" fetchpriority=\"high\">                                <\/div>\n<\/p>\n<\/div>\n<\/div>\n<div class=\"elementor-element elementor-element-230a0841 elementor-widget elementor-widget-text-editor\" data-id=\"230a0841\" data-element_type=\"widget\" data-widget_type=\"text-editor.default\">\n<div class=\"elementor-widget-container\">\n<div class=\"elementor-text-editor elementor-clearfix\">\n<p style=\"color: #111;\"><span color=\"#111111\">Llega la primavera, estaci\u00f3n caracterizada por el color, el aroma y la explosi\u00f3n de verdes en la naturaleza. Es una \u00e9poca en la que el <strong>buen clima y la alegr\u00eda son protagonistas<\/strong> y hace que queramos pasar m\u00e1s tiempo fuera de casa.<\/span><\/p>\n<p style=\"color: #111;\"><span color=\"#111111\">Adem\u00e1s, puedes llevar la alegr\u00eda de las <strong>plantas con flores coloridas a tu hogar<\/strong> para disfrutarlas decorando tus balcones o jardines. Por ello, una de las caracter\u00edsticas m\u00e1s conocidas de esta estaci\u00f3n es ver las casas y balcones en todo su esplendor de belleza y color.<\/span><\/p>\n<p style=\"color: #111;\"><span color=\"#111111\">Nuestra selecci\u00f3n de plantas que florecen en primavera es ideal para disfrutarlas en tu d\u00eda a d\u00eda con los colores m\u00e1s vibrantes y le dar\u00e1n un <strong>look \u00fanico a tu hogar.<\/strong><\/span><\/p>\n<\/div>\n<\/div>\n<\/div>\n<\/div>\n<\/div>\n<\/div>\n<\/div>\n<\/div>\n<\/section>\n<section class=\"elementor-element elementor-element-7b32f90e elementor-section-boxed elementor-section-height-default elementor-section-height-default elementor-section elementor-top-section\" data-id=\"7b32f90e\" data-element_type=\"section\" data-settings='{\"background_background\":\"classic\"}'>\n<div class=\"elementor-container elementor-column-gap-default\">\n<div class=\"elementor-row\">\n<div class=\"elementor-element elementor-element-604bab5a elementor-column elementor-col-100 elementor-top-column\" data-id=\"604bab5a\" data-element_type=\"column\">\n<div class=\"elementor-column-wrap elementor-element-populated\">\n<div class=\"elementor-widget-wrap\">\n<div class=\"elementor-element elementor-element-1f10848d elementor-widget elementor-widget-heading\" data-id=\"1f10848d\" data-element_type=\"widget\" data-widget_type=\"heading.default\">\n<div class=\"elementor-widget-container\">\n<h2 class=\"elementor-heading-title elementor-size-default\">\u00bfCu\u00e1les son las plantas de esta temporada?<\/h2>\n<\/p>\n<\/div>\n<\/div>\n<div class=\"elementor-element elementor-element-db03763 elementor-widget elementor-widget-text-editor\" data-id=\"db03763\" data-element_type=\"widget\" data-widget_type=\"text-editor.default\">\n<div class=\"elementor-widget-container\">\n<div class=\"elementor-text-editor elementor-clearfix\">\n<p style=\"color: #111;\"><span color=\"#111111\">\u00bfQuieres decorar tu hogar con algo m\u00e1s natural y lleno de color? Esta selecci\u00f3n de plantas florecidas en primavera son <strong>la mejor forma para refrescar tu hogar.<\/strong><\/span><\/p>\n<\/div>\n<\/div>\n<\/div>\n<div class=\"elementor-element elementor-element-885c1f3 elementor-widget elementor-widget-heading\" data-id=\"885c1f3\" data-element_type=\"widget\" data-widget_type=\"heading.default\">\n<div class=\"elementor-widget-container\">\n<h3 class=\"elementor-heading-title elementor-size-default\"><b>Petunia<\/b><\/h3>\n<\/p>\n<\/div>\n<\/div>\n<div class=\"elementor-element elementor-element-2055777 elementor-widget elementor-widget-image\" data-id=\"2055777\" data-element_type=\"widget\" data-widget_type=\"image.default\">\n<div class=\"elementor-widget-container\">\n<div class=\"elementor-image\">\n                            <img decoding=\"async\" src=\"https:\/\/floresnavarro.nearwebs.com\/blog\/wp-content\/uploads\/2025\/11\/petunias-primavera-planta-2.jpg\" loading=\"lazy\" alt=\"Petunias\" title=\"Petunias coloridas\" width=\"600\" height=\"568\">                                <\/div>\n<\/p>\n<\/div>\n<\/div>\n<div class=\"elementor-element elementor-element-4ad7f172 elementor-widget elementor-widget-text-editor\" data-id=\"4ad7f172\" data-element_type=\"widget\" data-widget_type=\"text-editor.default\">\n<div class=\"elementor-widget-container\">\n<div class=\"elementor-text-editor elementor-clearfix\">\n<p style=\"color: #111;\"><span color=\"#111111\">La <strong>petunia<\/strong> es una de las plantas resistentes con flores m\u00e1s bonitas. No importa el color que elijas de esta planta, quedar\u00e1 perfecta en tu hogar. <strong>\u00a1Ideal para tu balc\u00f3n!<\/strong> As\u00ed que puedes tenerla en maceta a pleno sol, pero no mojes sus flores, al momento de regar,\u00a0 para que no se marchiten.<\/span><\/p>\n<\/div>\n<\/div>\n<\/div>\n<\/div>\n<\/div>\n<\/div>\n<\/div>\n<\/div>\n<\/section>\n<section class=\"elementor-element elementor-element-28d829e4 elementor-section-boxed elementor-section-height-default elementor-section-height-default elementor-section elementor-top-section\" data-id=\"28d829e4\" data-element_type=\"section\" data-settings='{\"background_background\":\"classic\"}'>\n<div class=\"elementor-container elementor-column-gap-default\">\n<div class=\"elementor-row\">\n<div class=\"elementor-element elementor-element-67ac8721 elementor-column elementor-col-100 elementor-top-column\" data-id=\"67ac8721\" data-element_type=\"column\">\n<div class=\"elementor-column-wrap elementor-element-populated\">\n<div class=\"elementor-widget-wrap\">\n<div class=\"elementor-element elementor-element-f160198 elementor-widget elementor-widget-heading\" data-id=\"f160198\" data-element_type=\"widget\" data-widget_type=\"heading.default\">\n<div class=\"elementor-widget-container\">\n<h3 class=\"elementor-heading-title elementor-size-default\"><b>Ran\u00fanculo<\/b><\/h3>\n<\/p>\n<\/div>\n<\/div>\n<div class=\"elementor-element elementor-element-7fb6445f elementor-widget elementor-widget-image\" data-id=\"7fb6445f\" data-element_type=\"widget\" data-widget_type=\"image.default\">\n<div class=\"elementor-widget-container\">\n<div class=\"elementor-image\">\n                            <img decoding=\"async\" src=\"https:\/\/floresnavarro.nearwebs.com\/blog\/wp-content\/uploads\/2025\/11\/ranunculos-plantas-2.jpg\" loading=\"lazy\" alt=\"Ran\u00fanculo coloridos\" title=\"Ran\u00fanculos\" width=\"600\" height=\"568\">                                <\/div>\n<\/p>\n<\/div>\n<\/div>\n<div class=\"elementor-element elementor-element-43e869dd elementor-widget elementor-widget-text-editor\" data-id=\"43e869dd\" data-element_type=\"widget\" data-widget_type=\"text-editor.default\">\n<div class=\"elementor-widget-container\">\n<div class=\"elementor-text-editor elementor-clearfix\">\n<p style=\"color: #111;\"><span color=\"#111111\">El <strong>ran\u00fanculo<\/strong> es una de las plantas con flores m\u00e1s bonitas por sus colores y su forma. Es perfecto para hacer <strong>destacar tus jardines<\/strong>, pero son <strong>muy venenosas<\/strong> para los animales, \u00a1as\u00ed que aleja a tus mascotitas de ellas! <\/span><\/p>\n<\/div>\n<\/div>\n<\/div>\n<\/div>\n<\/div>\n<\/div>\n<\/div>\n<\/div>\n<\/section>\n<section class=\"elementor-element elementor-element-c3a7a96 elementor-section-boxed elementor-section-height-default elementor-section-height-default elementor-section elementor-top-section\" data-id=\"c3a7a96\" data-element_type=\"section\" data-settings='{\"background_background\":\"classic\"}'>\n<div class=\"elementor-container elementor-column-gap-default\">\n<div class=\"elementor-row\">\n<div class=\"elementor-element elementor-element-909b2ef elementor-column elementor-col-100 elementor-top-column\" data-id=\"909b2ef\" data-element_type=\"column\">\n<div class=\"elementor-column-wrap elementor-element-populated\">\n<div class=\"elementor-widget-wrap\">\n<div class=\"elementor-element elementor-element-154f2c8 elementor-headline--style-highlight elementor-widget elementor-widget-animated-headline\" data-id=\"154f2c8\" data-element_type=\"widget\" data-settings='{\"marker\":\"underline\",\"highlighted_text\":\"aumentar\\u00e1 el color y vitalidad\",\"headline_style\":\"highlight\"}' data-widget_type=\"animated-headline.default\">\n<div class=\"elementor-widget-container\">\n<h3 class=\"elementor-headline\">\n                    <span class=\"elementor-headline-plain-text elementor-headline-text-wrapper\"><br \/>\n                Decorar con plantas que florecen en primavera            <\/span><br \/>\n                    <span class=\"elementor-headline-dynamic-wrapper elementor-headline-text-wrapper\"><\/span><br \/>\n                    <span class=\"elementor-headline-plain-text elementor-headline-text-wrapper\"><br \/>\n                de tu hogar            <\/span><br \/>\n                <\/h3>\n<\/p>\n<\/div>\n<\/div>\n<\/div>\n<\/div>\n<\/div>\n<\/div>\n<\/div>\n<\/section>\n<section class=\"elementor-element elementor-element-545d7df3 elementor-section-boxed elementor-section-height-default elementor-section-height-default elementor-section elementor-top-section\" data-id=\"545d7df3\" data-element_type=\"section\" data-settings='{\"background_background\":\"classic\"}'>\n<div class=\"elementor-container elementor-column-gap-default\">\n<div class=\"elementor-row\">\n<div class=\"elementor-element elementor-element-541303ef elementor-column elementor-col-100 elementor-top-column\" data-id=\"541303ef\" data-element_type=\"column\">\n<div class=\"elementor-column-wrap elementor-element-populated\">\n<div class=\"elementor-widget-wrap\">\n<div class=\"elementor-element elementor-element-1fa8c18 elementor-widget elementor-widget-heading\" data-id=\"1fa8c18\" data-element_type=\"widget\" data-widget_type=\"heading.default\">\n<div class=\"elementor-widget-container\">\n<h3 class=\"elementor-heading-title elementor-size-default\"><b>Hortensia<\/b><\/h3>\n<\/p>\n<\/div>\n<\/div>\n<div class=\"elementor-element elementor-element-3dbbc7b5 elementor-widget elementor-widget-image\" data-id=\"3dbbc7b5\" data-element_type=\"widget\" data-widget_type=\"image.default\">\n<div class=\"elementor-widget-container\">\n<div class=\"elementor-image\">\n                            <img decoding=\"async\" src=\"https:\/\/floresnavarro.nearwebs.com\/blog\/wp-content\/uploads\/2025\/11\/hortensias-primavera-2.jpg\" loading=\"lazy\" alt=\"Hortensias coloridas\" title=\"Planta Hortensia\" width=\"600\" height=\"568\">                                <\/div>\n<\/p>\n<\/div>\n<\/div>\n<div class=\"elementor-element elementor-element-3fb20167 elementor-widget elementor-widget-text-editor\" data-id=\"3fb20167\" data-element_type=\"widget\" data-widget_type=\"text-editor.default\">\n<div class=\"elementor-widget-container\">\n<div class=\"elementor-text-editor elementor-clearfix\">\n<p style=\"color: #111;\"><span color=\"#111111\">\u00bfQuieres ser la envidia de tu barrio? Entonces no pueden faltar en tu jard\u00edn o balc\u00f3n unas <strong>bonitas hortensias<\/strong>, con las que\u00a0 llenar\u00e1s de color y vida tu espacio. Cualquier tipo de hortensia que elijas es perfecta para la decoraci\u00f3n en primavera. Sus flores son <strong>muy llamativas<\/strong> y tienen una gran variedad de color que van desde el lila hasta el azul cielo.<\/span><\/p>\n<\/div>\n<\/div>\n<\/div>\n<\/div>\n<\/div>\n<\/div>\n<\/div>\n<\/div>\n<\/section>\n<section class=\"elementor-element elementor-element-298f7321 elementor-section-boxed elementor-section-height-default elementor-section-height-default elementor-section elementor-top-section\" data-id=\"298f7321\" data-element_type=\"section\" data-settings='{\"background_background\":\"classic\"}'>\n<div class=\"elementor-container elementor-column-gap-default\">\n<div class=\"elementor-row\">\n<div class=\"elementor-element elementor-element-720a5742 elementor-column elementor-col-100 elementor-top-column\" data-id=\"720a5742\" data-element_type=\"column\">\n<div class=\"elementor-column-wrap elementor-element-populated\">\n<div class=\"elementor-widget-wrap\">\n<div class=\"elementor-element elementor-element-1d8c00e elementor-widget elementor-widget-heading\" data-id=\"1d8c00e\" data-element_type=\"widget\" data-widget_type=\"heading.default\">\n<div class=\"elementor-widget-container\">\n<h3 class=\"elementor-heading-title elementor-size-default\"><b>Geranio<\/b><\/h3>\n<\/p>\n<\/div>\n<\/div>\n<div class=\"elementor-element elementor-element-51ffdb09 elementor-widget elementor-widget-image\" data-id=\"51ffdb09\" data-element_type=\"widget\" data-widget_type=\"image.default\">\n<div class=\"elementor-widget-container\">\n<div class=\"elementor-image\">\n                            <img decoding=\"async\" src=\"https:\/\/floresnavarro.nearwebs.com\/blog\/wp-content\/uploads\/2025\/11\/geranio-planta-5.jpg\" loading=\"lazy\" alt=\"Geranio rojo y blanco\" title=\"Planta Geranio\" width=\"600\" height=\"568\">                                <\/div>\n<\/p>\n<\/div>\n<\/div>\n<div class=\"elementor-element elementor-element-dca4b7c elementor-widget elementor-widget-text-editor\" data-id=\"dca4b7c\" data-element_type=\"widget\" data-widget_type=\"text-editor.default\">\n<div class=\"elementor-widget-container\">\n<div class=\"elementor-text-editor elementor-clearfix\">\n<p style=\"color: #111;\"><span color=\"#111111\">El <strong>geranio<\/strong> tiene una gran variedad de colores en sus flores que siempre quedan bien para <strong>tener en tu balc\u00f3n<\/strong>. Es colorido, alegre y muy resistente en exteriores. El riego depende del clima de la zona que vivas, pero lo ideal es revisar la tierra y regarlo en caso de que est\u00e9 seco.\u00a0<\/span><\/p>\n<p style=\"color: #111;\"><span color=\"#111111\">La flor del geranio tiene muchos significados seg\u00fan el color, pero com\u00fanmente <strong>denotan alegr\u00eda y positivismo<\/strong> a tu hogar.<\/span><\/p>\n<\/div>\n<\/div>\n<\/div>\n<\/div>\n<\/div>\n<\/div>\n<\/div>\n<\/div>\n<\/section>\n<section class=\"elementor-element elementor-element-29c467fc elementor-section-boxed elementor-section-height-default elementor-section-height-default elementor-section elementor-top-section\" data-id=\"29c467fc\" data-element_type=\"section\" data-settings='{\"background_background\":\"classic\"}'>\n<div class=\"elementor-container elementor-column-gap-default\">\n<div class=\"elementor-row\">\n<div class=\"elementor-element elementor-element-4136c89 elementor-column elementor-col-100 elementor-top-column\" data-id=\"4136c89\" data-element_type=\"column\">\n<div class=\"elementor-column-wrap elementor-element-populated\">\n<div class=\"elementor-widget-wrap\">\n<div class=\"elementor-element elementor-element-1000209 elementor-widget elementor-widget-heading\" data-id=\"1000209\" data-element_type=\"widget\" data-widget_type=\"heading.default\">\n<div class=\"elementor-widget-container\">\n<h2 class=\"elementor-heading-title elementor-size-default\">La mejor selecci\u00f3n de plantas florecidas en primavera en Flores Navarro<\/h2>\n<\/p>\n<\/div>\n<\/div>\n<div class=\"elementor-element elementor-element-35602986 elementor-widget elementor-widget-image\" data-id=\"35602986\" data-element_type=\"widget\" data-widget_type=\"image.default\">\n<div class=\"elementor-widget-container\">\n<div class=\"elementor-image\">\n                            <img decoding=\"async\" src=\"https:\/\/floresnavarro.nearwebs.com\/blog\/wp-content\/uploads\/2025\/11\/plantas-primavera-2.jpg\" loading=\"lazy\" alt=\"Plantas florecen en primavera\" title=\"Plantas con flores\" width=\"600\" height=\"568\">                                <\/div>\n<\/p>\n<\/div>\n<\/div>\n<div class=\"elementor-element elementor-element-72585942 elementor-widget elementor-widget-text-editor\" data-id=\"72585942\" data-element_type=\"widget\" data-widget_type=\"text-editor.default\">\n<div class=\"elementor-widget-container\">\n<div class=\"elementor-text-editor elementor-clearfix\">\n<p style=\"color: #111;\"><span color=\"#111111\">Con nuestra selecci\u00f3n de plantas que florecen en primavera conseguir\u00e1s a\u00f1adir una bonita decoraci\u00f3n en tu hogar, tengas o no balc\u00f3n o jard\u00edn. Ambienta tu hogar con m\u00e1s color para llenarte de vida y frescura con estas plantas y cu\u00e9ntanos en redes cu\u00e1l de todas te gusta m\u00e1s para tener en casa.<\/span><\/p>\n<\/div>\n<\/div>\n<\/div>\n<\/div>\n<\/div>\n<\/div>\n<\/div>\n<\/div>\n<\/section>\n<section class=\"elementor-element elementor-element-3dce1ea elementor-section-boxed elementor-section-height-default elementor-section-height-default elementor-section elementor-top-section\" data-id=\"3dce1ea\" data-element_type=\"section\">\n<div class=\"elementor-container elementor-column-gap-default\">\n<div class=\"elementor-row\">\n<div class=\"elementor-element elementor-element-6d69c85 elementor-column elementor-col-100 elementor-top-column\" data-id=\"6d69c85\" data-element_type=\"column\">\n<div class=\"elementor-column-wrap elementor-element-populated\">\n<div class=\"elementor-widget-wrap\">\n<div class=\"elementor-element elementor-element-b99627d elementor-shape-rounded elementor-widget elementor-widget-social-icons\" data-id=\"b99627d\" data-element_type=\"widget\" data-widget_type=\"social-icons.default\">\n<div class=\"elementor-widget-container\">\n<div class=\"elementor-social-icons-wrapper\">\n                    <a class=\"icofont-facebook\" target=\"_blank\" href=\"https:\/\/www.facebook.com\/FloristeriasNavarro\/\"><\/a><br \/>\n                    <a class=\"icofont-instagram\" target=\"_blank\" href=\"https:\/\/www.instagram.com\/flores_navarro\/?hl=es\"><\/a>\n                <\/div>\n<\/p>\n<\/div>\n<\/div>\n<\/div>\n<\/div>\n<\/div>\n<\/div>\n<\/div>\n<\/section>\n","protected":false},"excerpt":{"rendered":"<p>Llega la primavera, estaci\u00f3n caracterizada por el color, el aroma y la explosi\u00f3n de verdes en la naturaleza. Es una \u00e9poca en la que el buen clima y la alegr\u00eda son protagonistas y hace que queramos pasar m\u00e1s tiempo fuera de casa. Adem\u00e1s, puedes llevar la alegr\u00eda de las plantas con flores coloridas a tu [&hellip;]<\/p>\n","protected":false},"author":3,"featured_media":46587,"comment_status":"open","ping_status":"open","sticky":false,"template":"","format":"standard","meta":{"meta_title":"","meta_description":"","footnotes":""},"categories":[1],"tags":[],"class_list":["post-46593","post","type-post","status-publish","format-standard","has-post-thumbnail","hentry","category-sin-categoria"],"language":"es","_links":{"self":[{"href":"https:\/\/floresnavarro.com\/blog\/wp-json\/wp\/v2\/posts\/46593","targetHints":{"allow":["GET"]}}],"collection":[{"href":"https:\/\/floresnavarro.com\/blog\/wp-json\/wp\/v2\/posts"}],"about":[{"href":"https:\/\/floresnavarro.com\/blog\/wp-json\/wp\/v2\/types\/post"}],"author":[{"embeddable":true,"href":"https:\/\/floresnavarro.com\/blog\/wp-json\/wp\/v2\/users\/3"}],"replies":[{"embeddable":true,"href":"https:\/\/floresnavarro.com\/blog\/wp-json\/wp\/v2\/comments?post=46593"}],"version-history":[{"count":1,"href":"https:\/\/floresnavarro.com\/blog\/wp-json\/wp\/v2\/posts\/46593\/revisions"}],"predecessor-version":[{"id":49380,"href":"https:\/\/floresnavarro.com\/blog\/wp-json\/wp\/v2\/posts\/46593\/revisions\/49380"}],"wp:featuredmedia":[{"embeddable":true,"href":"https:\/\/floresnavarro.com\/blog\/wp-json\/wp\/v2\/media\/46587"}],"wp:attachment":[{"href":"https:\/\/floresnavarro.com\/blog\/wp-json\/wp\/v2\/media?parent=46593"}],"wp:term":[{"taxonomy":"category","embeddable":true,"href":"https:\/\/floresnavarro.com\/blog\/wp-json\/wp\/v2\/categories?post=46593"},{"taxonomy":"post_tag","embeddable":true,"href":"https:\/\/floresnavarro.com\/blog\/wp-json\/wp\/v2\/tags?post=46593"}],"curies":[{"name":"wp","href":"https:\/\/api.w.org\/{rel}","templated":true}]}}