{"id":46435,"date":"2025-11-07T03:06:57","date_gmt":"2025-11-07T02:06:57","guid":{"rendered":"https:\/\/floresnavarro.nearwebs.com\/blog\/que-hacer-con-el-arbol-de-navidad-tras-las-fiestas\/"},"modified":"2025-11-07T03:06:57","modified_gmt":"2025-11-07T02:06:57","slug":"que-hacer-con-el-arbol-de-navidad-tras-las-fiestas","status":"publish","type":"post","link":"https:\/\/floresnavarro.com\/blog\/que-hacer-con-el-arbol-de-navidad-tras-las-fiestas\/","title":{"rendered":"\u00bfQu\u00e9 hacer con el \u00e1rbol de Navidad tras las fiestas?"},"content":{"rendered":"<section class=\"elementor-element elementor-element-32e83426 elementor-section-boxed elementor-section-height-default elementor-section-height-default elementor-section elementor-top-section\" data-id=\"32e83426\" data-element_type=\"section\" data-settings='{\"background_background\":\"classic\"}'>\n<div class=\"elementor-container elementor-column-gap-default\">\n<div class=\"elementor-row\">\n<div class=\"elementor-element elementor-element-45e6afd7 elementor-column elementor-col-100 elementor-top-column\" data-id=\"45e6afd7\" data-element_type=\"column\">\n<div class=\"elementor-column-wrap elementor-element-populated\">\n<div class=\"elementor-widget-wrap\">\n<div class=\"elementor-element elementor-element-546a140a elementor-widget elementor-widget-image\" data-id=\"546a140a\" data-element_type=\"widget\" data-widget_type=\"image.default\">\n<div class=\"elementor-widget-container\">\n<div class=\"elementor-image\">\n                            <img decoding=\"async\" src=\"\/img\/cms\/Abeto%20despu%C3%A9s%20de%20fiestas\/pexels-tim-douglas-6211071.jpg\" alt=\"\" width=\"3360\" height=\"5040\" fetchpriority=\"high\">                                <\/div>\n<\/p><\/div>\n<\/p><\/div>\n<div class=\"elementor-element elementor-element-5e884c31 elementor-widget elementor-widget-text-editor\" data-id=\"5e884c31\" data-element_type=\"widget\" data-widget_type=\"text-editor.default\">\n<div class=\"elementor-widget-container\">\n<div class=\"elementor-text-editor elementor-clearfix\">\n<p style=\"color: #111;\"><span color=\"#111111\">El <span><a href=\"https:\/\/floresnavarro.com\/es\/6-navidad\"><span>adorno<\/span><\/a><\/span>\u00a0m\u00e1s importante que nos acompa\u00f1a cada a\u00f1o es el abeto o \u00e1rbol de Navidad. Es crucial para celebrar momentos especiales con los nuestros, siendo la perfecta decoraci\u00f3n de cada hogar.<\/span><\/p>\n<p style=\"color: #111;\"><span color=\"#111111\">Sin embargo, cuando llega enero es la hora de guardar todas las decoraciones, incluyendo el \u00e1rbol de Navidad. Pero, ahora que tienes un\u00a0<span><a href=\"https:\/\/floresnavarro.com\/es\/72-arboles-naturales-navidad\"><span>abeto natural<\/span><\/a> <\/span>se convierte en un problema para ver qu\u00e9 hacer con \u00e9l.<\/span><\/p>\n<\/div><\/div>\n<\/p><\/div>\n<\/p><\/div>\n<\/p><\/div>\n<\/p><\/div>\n<\/p><\/div>\n<\/p><\/div>\n<\/section>\n<section class=\"elementor-element elementor-element-3524fd68 elementor-section-boxed elementor-section-height-default elementor-section-height-default elementor-section elementor-top-section\" data-id=\"3524fd68\" data-element_type=\"section\" data-settings='{\"background_background\":\"classic\"}'>\n<div class=\"elementor-container elementor-column-gap-default\">\n<div class=\"elementor-row\">\n<div class=\"elementor-element elementor-element-16b25bdc elementor-column elementor-col-100 elementor-top-column\" data-id=\"16b25bdc\" data-element_type=\"column\">\n<div class=\"elementor-column-wrap elementor-element-populated\">\n<div class=\"elementor-widget-wrap\">\n<div class=\"elementor-element elementor-element-1bb39f88 elementor-widget elementor-widget-heading\" data-id=\"1bb39f88\" data-element_type=\"widget\" data-widget_type=\"heading.default\">\n<div class=\"elementor-widget-container\">\n<h2 class=\"elementor-heading-title elementor-size-default\">\u00bfQu\u00e9 hago con mi abeto despu\u00e9s de Navidad?<\/h2>\n<\/p><\/div>\n<\/p><\/div>\n<div class=\"elementor-element elementor-element-4a787eb5 elementor-widget elementor-widget-text-editor\" data-id=\"4a787eb5\" data-element_type=\"widget\" data-widget_type=\"text-editor.default\">\n<div class=\"elementor-widget-container\">\n<div class=\"elementor-text-editor elementor-clearfix\">\n<p style=\"color: #111;\"><span color=\"#111111\">Te dejamos <strong>dos soluciones<\/strong> para poder darle una vida m\u00e1s prolongada o hacer una buena acci\u00f3n con el medioambiente.<\/span><\/p>\n<\/div><\/div>\n<\/p><\/div>\n<\/p><\/div>\n<\/p><\/div>\n<\/p><\/div>\n<\/p><\/div>\n<\/p><\/div>\n<\/section>\n<section class=\"elementor-element elementor-element-36c1900b elementor-section-boxed elementor-section-height-default elementor-section-height-default elementor-section elementor-top-section\" data-id=\"36c1900b\" data-element_type=\"section\" data-settings='{\"background_background\":\"classic\"}'>\n<div class=\"elementor-container elementor-column-gap-default\">\n<div class=\"elementor-row\">\n<div class=\"elementor-element elementor-element-cd9a58c elementor-column elementor-col-100 elementor-top-column\" data-id=\"cd9a58c\" data-element_type=\"column\">\n<div class=\"elementor-column-wrap elementor-element-populated\">\n<div class=\"elementor-widget-wrap\">\n<div class=\"elementor-element elementor-element-7ddfcfd elementor-widget elementor-widget-heading\" data-id=\"7ddfcfd\" data-element_type=\"widget\" data-widget_type=\"heading.default\">\n<div class=\"elementor-widget-container\">\n<h3 class=\"elementor-heading-title elementor-size-default\"><b>Plantar el abeto o \u00e1rbol de Navidad<\/b><\/h3>\n<\/p><\/div>\n<\/p><\/div>\n<div class=\"elementor-element elementor-element-157db990 elementor-widget elementor-widget-text-editor\" data-id=\"157db990\" data-element_type=\"widget\" data-widget_type=\"text-editor.default\">\n<div class=\"elementor-widget-container\">\n<div class=\"elementor-text-editor elementor-clearfix\">\n<p style=\"color: #111;\"><span color=\"#111111\">Antes de la compra debes asegurarte que el <strong>abeto sea enraizado<\/strong> tironeando de \u00e9l. Debe salir el cepell\u00f3n de tierra entero y compacto sin que se caiga. Si es as\u00ed, puedes llevar tu \u00e1rbol con ra\u00edces a casa.<\/span><\/p>\n<p style=\"color: #111;\"><span color=\"#111111\">Si es uno de tus primeros abetos en comprar, durante las fiestas puedes mantenerlo en la misma maceta en la que vino. Pero c\u00e1mbialo cuando no tenga espacio y necesite un macetero m\u00e1s grande y amplio.\u00a0<\/span><\/p>\n<p style=\"color: #111;\"><span color=\"#111111\">Como te contamos en nuestro post de\u00a0<span><a href=\"https:\/\/floresnavarro.com\/es\/blog\/como-cuidar-tu-abeto-de-navidad-natural-n32?_gl=1*1kneo45*_up*MQ..&amp;gclid=Cj0KCQiA5NSdBhDfARIsALzs2ECxzWNXje8zHnXNUyD2SNNWQ4tBxFdIDanLyFbYiVdo0RrK-RLYvXAaAn_JEALw_wcB\"><span>c\u00f3mo cuidar tu abeto<\/span><\/a><\/span> es importante <strong>mantenerlo h\u00famedo durante y despu\u00e9s de las fiestas<\/strong>, as\u00ed no sufre los efectos de la calefacci\u00f3n. <\/span><\/p>\n<\/div><\/div>\n<\/p><\/div>\n<\/p><\/div>\n<\/p><\/div>\n<\/p><\/div>\n<\/p><\/div>\n<\/p><\/div>\n<\/section>\n<section class=\"elementor-element elementor-element-6b4d841c elementor-section-boxed elementor-section-height-default elementor-section-height-default elementor-section elementor-top-section\" data-id=\"6b4d841c\" data-element_type=\"section\" data-settings='{\"background_background\":\"classic\"}'>\n<div class=\"elementor-container elementor-column-gap-default\">\n<div class=\"elementor-row\">\n<div class=\"elementor-element elementor-element-7a596b74 elementor-column elementor-col-100 elementor-top-column\" data-id=\"7a596b74\" data-element_type=\"column\">\n<div class=\"elementor-column-wrap elementor-element-populated\">\n<div class=\"elementor-widget-wrap\">\n<div class=\"elementor-element elementor-element-f5dc375 elementor-widget elementor-widget-image\" data-id=\"f5dc375\" data-element_type=\"widget\" data-widget_type=\"image.default\">\n<div class=\"elementor-widget-container\">\n<div class=\"elementor-image\">\n                            <img decoding=\"async\" src=\"\/img\/cms\/Abeto%20despu%C3%A9s%20de%20fiestas\/pexels-vlada-karpovich-6119575.jpg\" loading=\"lazy\" alt=\"\" width=\"3249\" height=\"4873\">                                <\/div>\n<\/p><\/div>\n<\/p><\/div>\n<div class=\"elementor-element elementor-element-13210763 elementor-widget elementor-widget-text-editor\" data-id=\"13210763\" data-element_type=\"widget\" data-widget_type=\"text-editor.default\">\n<div class=\"elementor-widget-container\">\n<div class=\"elementor-text-editor elementor-clearfix\">\n<p style=\"color: #111;\"><span color=\"#111111\">Ya pasadas las fiestas, lleg\u00f3 el momento de quitarle los adornos y <strong>transplantarlo<\/strong> a una maceta con un agujero de drenaje grande. Se debe <strong>regar muy a menudo<\/strong> hasta que vuelva a la vitalidad que ten\u00eda antes de las fiestas.\u00a0<\/span><\/p>\n<p style=\"color: #111;\"><span color=\"#111111\">Una opci\u00f3n ideal para que sigas disfrutando a tu abeto es si cuentas con un <strong>jard\u00edn<\/strong>, lo transplantes all\u00ed. Cons\u00e9rvalo en el exterior, tendr\u00e1 <strong>mejor desarrollo<\/strong> y crecer\u00e1 hasta cinco metros de altura.<\/span><\/p>\n<\/div><\/div>\n<\/p><\/div>\n<div class=\"elementor-element elementor-element-7a89f28 elementor-headline--style-highlight elementor-widget elementor-widget-animated-headline\" data-id=\"7a89f28\" data-element_type=\"widget\" data-settings='{\"marker\":\"underline\",\"highlighted_text\":\"aportar\\u00e1n mucha vida\",\"headline_style\":\"highlight\"}' data-widget_type=\"animated-headline.default\">\n<div class=\"elementor-widget-container\">\n<h3 class=\"elementor-headline\">\n                    <span class=\"elementor-headline-plain-text elementor-headline-text-wrapper\"><br \/>\n                Los abetos son tan bellos que            <\/span><br \/>\n                    <span class=\"elementor-headline-dynamic-wrapper elementor-headline-text-wrapper\"><\/span><br \/>\n                    <span class=\"elementor-headline-plain-text elementor-headline-text-wrapper\"><br \/>\n                a tu exterior            <\/span><br \/>\n                <\/h3>\n<\/p><\/div>\n<\/p><\/div>\n<div class=\"elementor-element elementor-element-0f2d355 elementor-widget elementor-widget-text-editor\" data-id=\"0f2d355\" data-element_type=\"widget\" data-widget_type=\"text-editor.default\">\n<div class=\"elementor-widget-container\">\n<div class=\"elementor-text-editor elementor-clearfix\">\n<p style=\"color: #111;\"><span color=\"#111111\">Para poder plantarlo necesitar\u00e1s un gran espacio con <strong>buena<\/strong> llegada de <strong>luz solar<\/strong>. Haz un hoyo profundo de unos 50x50cm y agr\u00e9gale un poco de abono a la tierra. Luego, col\u00f3calo con sus ra\u00edces junto con el cepell\u00f3n, a\u00f1ade m\u00e1s sustrato y finalmente riega abundantemente. Es <strong>importante<\/strong> que el \u00e1rbol te quede bien sujeto a la tierra y siempre est\u00e9 h\u00famedo.\u00a0<\/span><\/p>\n<p style=\"color: #111;\"><span color=\"#111111\">El abeto es de crecimiento lento, pero nos parece una bonita manera de tenerlo en nuestro jard\u00edn para revivir esos momentos especiales y disfrutarlo cada d\u00eda que querramos.<\/span><\/p>\n<\/div><\/div>\n<\/p><\/div>\n<\/p><\/div>\n<\/p><\/div>\n<\/p><\/div>\n<\/p><\/div>\n<\/p><\/div>\n<\/section>\n<section class=\"elementor-element elementor-element-6cb1e816 elementor-section-boxed elementor-section-height-default elementor-section-height-default elementor-section elementor-top-section\" data-id=\"6cb1e816\" data-element_type=\"section\" data-settings='{\"background_background\":\"classic\"}'>\n<div class=\"elementor-container elementor-column-gap-default\">\n<div class=\"elementor-row\">\n<div class=\"elementor-element elementor-element-1f979ba1 elementor-column elementor-col-100 elementor-top-column\" data-id=\"1f979ba1\" data-element_type=\"column\">\n<div class=\"elementor-column-wrap elementor-element-populated\">\n<div class=\"elementor-widget-wrap\">\n<div class=\"elementor-element elementor-element-d408dde elementor-widget elementor-widget-heading\" data-id=\"d408dde\" data-element_type=\"widget\" data-widget_type=\"heading.default\">\n<div class=\"elementor-widget-container\">\n<h3 class=\"elementor-heading-title elementor-size-default\"><b>Reciclar el \u00e1rbol de Navidad natural<\/b><\/h3>\n<\/p><\/div>\n<\/p><\/div>\n<div class=\"elementor-element elementor-element-5ddbd391 elementor-widget elementor-widget-image\" data-id=\"5ddbd391\" data-element_type=\"widget\" data-widget_type=\"image.default\">\n<div class=\"elementor-widget-container\">\n<div class=\"elementor-image\">\n                            <img decoding=\"async\" src=\"\/img\/cms\/Abeto%20despu%C3%A9s%20de%20fiestas\/save-the-world-ecology-environmental-conservation-perforated-paper-recycle.jpg\" loading=\"lazy\" alt=\"\" width=\"6097\" height=\"4912\">                                <\/div>\n<\/p><\/div>\n<\/p><\/div>\n<div class=\"elementor-element elementor-element-fbb625d elementor-widget elementor-widget-text-editor\" data-id=\"fbb625d\" data-element_type=\"widget\" data-widget_type=\"text-editor.default\">\n<div class=\"elementor-widget-container\">\n<div class=\"elementor-text-editor elementor-clearfix\">\n<p style=\"color: #111;\"><span color=\"#111111\">Es posible que seg\u00fan donde hayas comprado tu abeto natural sea <span><a href=\"https:\/\/floresnavarro.com\/es\/arboles-naturales-navidad\/100638-4001-abetos-natrales.html\"><span>sin ra\u00edces<\/span><\/a><\/span>. En este caso, ser\u00eda dif\u00edcil la recuperaci\u00f3n o el mantenimiento del \u00e1rbol cuando termina la Navidad y no podr\u00edamos plantarlo como nos gustar\u00eda. Si te encuentras en esta situaci\u00f3n o simplemente no tienes un lugar para plantarlo, aqu\u00ed tienes una <strong>soluci\u00f3n viable<\/strong>.\u00a0<\/span><\/p>\n<p style=\"color: #111;\"><span color=\"#111111\">Una buena acci\u00f3n para el medio ambiente y para el abeto es <strong>reciclarlo<\/strong>. Existen centros especiales de reciclaje que recuperan al \u00e1rbol para poder plantarlo en bosques o lo utilizan como compost. De este modo, tu abeto no queda abandonado o tirado en la basura d\u00e1ndole un <strong>nuevo ciclo natural y \u00fatil<\/strong>.\u00a0<\/span><\/p>\n<p style=\"color: #111;\"><span color=\"#111111\">Adem\u00e1s, puedes utilizar las agujas de las ramas tritur\u00e1ndolas y hacer compost con ellas para el jard\u00edn. Si no las puedes convertir en mantillo para mejorar la humedad del suelo, evitar que crezcan malas hierbas y mejorar el aspecto del jard\u00edn visualmente. <\/span><\/p>\n<\/div><\/div>\n<\/p><\/div>\n<\/p><\/div>\n<\/p><\/div>\n<\/p><\/div>\n<\/p><\/div>\n<\/p><\/div>\n<\/section>\n<section class=\"elementor-element elementor-element-51dd5d56 elementor-section-boxed elementor-section-height-default elementor-section-height-default elementor-section elementor-top-section\" data-id=\"51dd5d56\" data-element_type=\"section\" data-settings='{\"background_background\":\"classic\"}'>\n<div class=\"elementor-container elementor-column-gap-default\">\n<div class=\"elementor-row\">\n<div class=\"elementor-element elementor-element-65a1fe0e elementor-column elementor-col-100 elementor-top-column\" data-id=\"65a1fe0e\" data-element_type=\"column\">\n<div class=\"elementor-column-wrap elementor-element-populated\">\n<div class=\"elementor-widget-wrap\">\n<div class=\"elementor-element elementor-element-c4b7924 elementor-widget elementor-widget-image\" data-id=\"c4b7924\" data-element_type=\"widget\" data-widget_type=\"image.default\">\n<div class=\"elementor-widget-container\">\n<div class=\"elementor-image\">\n                            <img decoding=\"async\" src=\"\/img\/cms\/Abeto%20despu%C3%A9s%20de%20fiestas\/pexels-harry-cooke-6195011.jpg\" loading=\"lazy\" alt=\"\" width=\"2000\" height=\"2500\">                                <\/div>\n<\/p><\/div>\n<\/p><\/div>\n<div class=\"elementor-element elementor-element-5d53be8 elementor-widget elementor-widget-heading\" data-id=\"5d53be8\" data-element_type=\"widget\" data-widget_type=\"heading.default\">\n<div class=\"elementor-widget-container\">\n<h3 class=\"elementor-heading-title elementor-size-default\"><b>Puntos de recogida de abetos<\/b><\/h3>\n<\/p><\/div>\n<\/p><\/div>\n<div class=\"elementor-element elementor-element-ea6df8e elementor-widget elementor-widget-text-editor\" data-id=\"ea6df8e\" data-element_type=\"widget\" data-widget_type=\"text-editor.default\">\n<div class=\"elementor-widget-container\">\n<div class=\"elementor-text-editor elementor-clearfix\">\n<p style=\"color: #111;\"><span color=\"#111111\">Si no est\u00e1s decidido de qu\u00e9 hacer con tu abeto, <strong>tenemos otro plan para ti<\/strong>. En vez de tirarlo o abandonarlo, existen\u00a0<span><a href=\"https:\/\/www.barcelona.cat\/nadal\/es\/informacion-practica\/recogida-de-abetos-de-navidad\"><span>servicios municipales en Barcelona<\/span><\/a><\/span> que recogen tu \u00e1rbol de Navidad. Ellos se encargar\u00e1n de evaluar el estado del abeto y decidir si plantarlo o reciclarlo. Si has buscado y en tu ciudad no se realiza la recogida de los \u00e1rboles, siempre tendr\u00e1s la opci\u00f3n del centro de reciclaje o punto limpio de tu municipio.\u00a0<\/span><\/p>\n<p style=\"color: #111;\"><span color=\"#111111\"><strong>Siempre habr\u00e1 una soluci\u00f3n buena<\/strong> para tu abeto, aprovecha todas estas opciones que existen. Adem\u00e1s, com\u00e9ntalo con alguien que necesite estos consejos o cu\u00e9ntanos en redes cu\u00e1l de todas elegir\u00edas.<\/span><\/p>\n<\/div><\/div>\n<\/p><\/div>\n<\/p><\/div>\n<\/p><\/div>\n<\/p><\/div>\n<\/p><\/div>\n<\/p><\/div>\n<\/section>\n<section class=\"elementor-element elementor-element-e2be3a9 elementor-section-boxed elementor-section-height-default elementor-section-height-default elementor-section elementor-top-section\" data-id=\"e2be3a9\" data-element_type=\"section\">\n<div class=\"elementor-container elementor-column-gap-default\">\n<div class=\"elementor-row\">\n<div class=\"elementor-element elementor-element-3851bed elementor-column elementor-col-100 elementor-top-column\" data-id=\"3851bed\" data-element_type=\"column\">\n<div class=\"elementor-column-wrap elementor-element-populated\">\n<div class=\"elementor-widget-wrap\">\n<div class=\"elementor-element elementor-element-8fd8a4a elementor-shape-rounded elementor-widget elementor-widget-social-icons\" data-id=\"8fd8a4a\" data-element_type=\"widget\" data-widget_type=\"social-icons.default\">\n<div class=\"elementor-widget-container\">\n<div class=\"elementor-social-icons-wrapper\">\n                    <a class=\"icofont-facebook\" target=\"_blank\" href=\"https:\/\/www.facebook.com\/FloristeriasNavarro\/\"><\/a><br \/>\n                    <a class=\"icofont-instagram\" target=\"_blank\" href=\"https:\/\/www.instagram.com\/flores_navarro\/?hl=es\"><\/a>\n                <\/div>\n<\/p><\/div>\n<\/p><\/div>\n<\/p><\/div>\n<\/p><\/div>\n<\/p><\/div>\n<\/p><\/div>\n<\/p><\/div>\n<\/section>\n","protected":false},"excerpt":{"rendered":"<p>El adorno\u00a0m\u00e1s importante que nos acompa\u00f1a cada a\u00f1o es el abeto o \u00e1rbol de Navidad. Es crucial para celebrar momentos especiales con los nuestros, siendo la perfecta decoraci\u00f3n de cada hogar. Sin embargo, cuando llega enero es la hora de guardar todas las decoraciones, incluyendo el \u00e1rbol de Navidad. Pero, ahora que tienes un\u00a0abeto natural [&hellip;]<\/p>\n","protected":false},"author":3,"featured_media":0,"comment_status":"open","ping_status":"open","sticky":false,"template":"","format":"standard","meta":{"meta_title":"","meta_description":"","footnotes":""},"categories":[1],"tags":[],"class_list":["post-46435","post","type-post","status-publish","format-standard","hentry","category-sin-categoria"],"language":"es","_links":{"self":[{"href":"https:\/\/floresnavarro.com\/blog\/wp-json\/wp\/v2\/posts\/46435","targetHints":{"allow":["GET"]}}],"collection":[{"href":"https:\/\/floresnavarro.com\/blog\/wp-json\/wp\/v2\/posts"}],"about":[{"href":"https:\/\/floresnavarro.com\/blog\/wp-json\/wp\/v2\/types\/post"}],"author":[{"embeddable":true,"href":"https:\/\/floresnavarro.com\/blog\/wp-json\/wp\/v2\/users\/3"}],"replies":[{"embeddable":true,"href":"https:\/\/floresnavarro.com\/blog\/wp-json\/wp\/v2\/comments?post=46435"}],"version-history":[{"count":0,"href":"https:\/\/floresnavarro.com\/blog\/wp-json\/wp\/v2\/posts\/46435\/revisions"}],"wp:attachment":[{"href":"https:\/\/floresnavarro.com\/blog\/wp-json\/wp\/v2\/media?parent=46435"}],"wp:term":[{"taxonomy":"category","embeddable":true,"href":"https:\/\/floresnavarro.com\/blog\/wp-json\/wp\/v2\/categories?post=46435"},{"taxonomy":"post_tag","embeddable":true,"href":"https:\/\/floresnavarro.com\/blog\/wp-json\/wp\/v2\/tags?post=46435"}],"curies":[{"name":"wp","href":"https:\/\/api.w.org\/{rel}","templated":true}]}}